{"id":1938,"date":"2016-09-28T19:31:13","date_gmt":"2016-09-28T19:31:13","guid":{"rendered":"http:\/\/www.radiodigitaltamazunchale.com\/landing\/?p=1938"},"modified":"2016-12-21T23:08:22","modified_gmt":"2016-12-21T23:08:22","slug":"se-suma-jm-carreras-al-radio-maraton-universitario","status":"publish","type":"post","link":"http:\/\/www.radiodigitaltamazunchale.com\/landing\/uncategorized\/se-suma-jm-carreras-al-radio-maraton-universitario\/","title":{"rendered":"SE SUMA JM CARRERAS AL RADIO MARAT\u00d3N UNIVERSITARIO"},"content":{"rendered":"<p><span class=\"subtitulo\">\u2022 Superan la meta al reunir m\u00e1s de un mill\u00f3n de pesos.<br \/>\n\u2022 Este a\u00f1o es a favor de la Orquesta Sinf\u00f3nica Universitaria.<br \/>\n\u2022 Llama el mandatario a la sociedad a apoyar a la UASLP.<\/span><\/p>\n<p class=\"resumenNot\">Rumbo a los 100 a\u00f1os de la autonom\u00eda de la M\u00e1xima Casa de Estudios potosina que se cumplir\u00e1n en el 2023, y en el marco del 50 aniversario del Radio Marat\u00f3n Universitario, el Gobernador del Estado Juan Manuel Carreras L\u00f3pez, se sum\u00f3 a la causa de este a\u00f1o que es en beneficio de la Orquesta Sinf\u00f3nica Universitaria y llam\u00f3 a los dem\u00e1s poderes, a los funcionarios estatales y a toda la sociedad a hacer lo propio.<\/p>\n<p>Al t\u00e9rmino del d\u00eda, la Universidad Aut\u00f3noma de San Luis Potos\u00ed, inform\u00f3 que con el respaldo de toda la ciudadan\u00eda se super\u00f3 la meta trazada y se logr\u00f3 recabar m\u00e1s de un mill\u00f3n de pesos.<\/p>\n<p>Por la ma\u00f1ana, en la Plaza del Estudiante, en la Zona Universitaria de la UASLP, el mandatario potosino fue recibido por la comunidad universitaria, alumnos, catedr\u00e1ticos, directores, ex rectores y ex alumnos, as\u00ed como personal administrativo y el Rector Manuel Ferm\u00edn Villar Rubio. Ah\u00ed, el jefe del Ejecutivo estatal hizo un exhorto a egresados de la instituci\u00f3n a colaborar en la iniciativa para esta ocasi\u00f3n.<\/p>\n<p>En el acto acompa\u00f1ado de los titulares de las secretar\u00edas de Cultura Armando Herrera Silva y de Educaci\u00f3n Joel Ram\u00edrez D\u00edaz, el mandatario estatal inst\u00f3 a estos sus colaboradores a efectuar sus propias aportaciones para respaldar el proyecto de este a\u00f1o.<\/p>\n","protected":false},"excerpt":{"rendered":"<p>\u2022 Superan la meta al reunir m\u00e1s de un mill\u00f3n de pesos. \u2022 Este a\u00f1o es a favor de la<\/p>\n","protected":false},"author":2,"featured_media":1939,"comment_status":"open","ping_status":"open","sticky":false,"template":"","format":"standard","meta":[],"categories":[1],"tags":[],"_links":{"self":[{"href":"http:\/\/www.radiodigitaltamazunchale.com\/landing\/wp-json\/wp\/v2\/posts\/1938"}],"collection":[{"href":"http:\/\/www.radiodigitaltamazunchale.com\/landing\/wp-json\/wp\/v2\/posts"}],"about":[{"href":"http:\/\/www.radiodigitaltamazunchale.com\/landing\/wp-json\/wp\/v2\/types\/post"}],"author":[{"embeddable":true,"href":"http:\/\/www.radiodigitaltamazunchale.com\/landing\/wp-json\/wp\/v2\/users\/2"}],"replies":[{"embeddable":true,"href":"http:\/\/www.radiodigitaltamazunchale.com\/landing\/wp-json\/wp\/v2\/comments?post=1938"}],"version-history":[{"count":2,"href":"http:\/\/www.radiodigitaltamazunchale.com\/landing\/wp-json\/wp\/v2\/posts\/1938\/revisions"}],"predecessor-version":[{"id":2127,"href":"http:\/\/www.radiodigitaltamazunchale.com\/landing\/wp-json\/wp\/v2\/posts\/1938\/revisions\/2127"}],"wp:featuredmedia":[{"embeddable":true,"href":"http:\/\/www.radiodigitaltamazunchale.com\/landing\/wp-json\/wp\/v2\/media\/1939"}],"wp:attachment":[{"href":"http:\/\/www.radiodigitaltamazunchale.com\/landing\/wp-json\/wp\/v2\/media?parent=1938"}],"wp:term":[{"taxonomy":"category","embeddable":true,"href":"http:\/\/www.radiodigitaltamazunchale.com\/landing\/wp-json\/wp\/v2\/categories?post=1938"},{"taxonomy":"post_tag","embeddable":true,"href":"http:\/\/www.radiodigitaltamazunchale.com\/landing\/wp-json\/wp\/v2\/tags?post=1938"}],"curies":[{"name":"wp","href":"https:\/\/api.w.org\/{rel}","templated":true}]}}