{"id":19595,"date":"2019-01-04T14:09:24","date_gmt":"2019-01-04T20:09:24","guid":{"rendered":"http:\/\/www.radiodigitaltamazunchale.com\/landing\/?p=19595"},"modified":"2019-01-04T14:09:24","modified_gmt":"2019-01-04T20:09:24","slug":"reforzar-aprendizajes-durante-vacaciones-mejorara-lo-adquirido-en-las-aulas-jrd","status":"publish","type":"post","link":"http:\/\/www.radiodigitaltamazunchale.com\/landing\/uncategorized\/reforzar-aprendizajes-durante-vacaciones-mejorara-lo-adquirido-en-las-aulas-jrd\/","title":{"rendered":"REFORZAR APRENDIZAJES DURANTE VACACIONES, MEJORAR\u00c1 LO ADQUIRIDO EN LAS AULAS: JRD"},"content":{"rendered":"<ul>\n<li><strong>Invita a padres de familia, que fortalezcan con los alumnos lo aprendido en clases. <\/strong><\/li>\n<\/ul>\n<p>El Secretario de Educaci\u00f3n de Gobierno del Estado, Joel Ram\u00edrez D\u00edaz, indic\u00f3 que durante esta temporada vacacional es fundamental tener presente que la formaci\u00f3n integral de los escolares es permanente, tanto si se realiza dentro de las aulas o fuera de ellas, de ah\u00ed que sea necesario que los padres y madres de familia est\u00e9n pendientes de c\u00f3mo utilizan el tiempo sus hijos e hijas en este periodo de receso escolar.<\/p>\n<p>Explic\u00f3 que a trav\u00e9s de internet se puede acceder a diversos contenidos que est\u00e1n marcados en sus libros de texto, e incluso, consultarlos de manera \u00edntegra y electr\u00f3nica en la p\u00e1gina oficial de la Comisi\u00f3n Nacional de Libros de Texto Gratuitos: libros.conaliteg.gob.mx\/.<\/p>\n<p>Al respecto, es importante considerar una adecuada distribuci\u00f3n del tiempo de los ni\u00f1os, ni\u00f1as y j\u00f3venes en el que realice diversas actividades, pero cuidando que haya un equilibrio entre ellas; actividades que les permitan aprender algo nuevo, repasar contenidos escolares, colaborar en las tareas del hogar, convivir con la familia y los amigos, entre otras actividades que tambi\u00e9n incluyan reforzar conocimientos acordes a su nivel escolar.<\/p>\n<p>Finalmente, Ram\u00edrez D\u00edaz explic\u00f3 que el proceso educativo empieza en casa, se consolida despu\u00e9s en la escuela y nuevamente es en el hogar donde se refuerzan los conocimientos, ya que se establecen las rutinas y se profundiza en la disciplina y dijo que: \u201cla lectura es una de las herramientas que permite desarrollar las capacidades de comprensi\u00f3n, competencias matem\u00e1ticas, an\u00e1lisis y resoluci\u00f3n de problemas, entre muchas otras\u201d, finaliz\u00f3.<\/p>\n<p><strong>\u00a0<\/strong><\/p>\n","protected":false},"excerpt":{"rendered":"<p>Invita a padres de familia, que fortalezcan con los alumnos lo aprendido en clases. El Secretario de Educaci\u00f3n de Gobierno<\/p>\n","protected":false},"author":2,"featured_media":19596,"comment_status":"open","ping_status":"open","sticky":false,"template":"","format":"standard","meta":[],"categories":[1],"tags":[],"_links":{"self":[{"href":"http:\/\/www.radiodigitaltamazunchale.com\/landing\/wp-json\/wp\/v2\/posts\/19595"}],"collection":[{"href":"http:\/\/www.radiodigitaltamazunchale.com\/landing\/wp-json\/wp\/v2\/posts"}],"about":[{"href":"http:\/\/www.radiodigitaltamazunchale.com\/landing\/wp-json\/wp\/v2\/types\/post"}],"author":[{"embeddable":true,"href":"http:\/\/www.radiodigitaltamazunchale.com\/landing\/wp-json\/wp\/v2\/users\/2"}],"replies":[{"embeddable":true,"href":"http:\/\/www.radiodigitaltamazunchale.com\/landing\/wp-json\/wp\/v2\/comments?post=19595"}],"version-history":[{"count":1,"href":"http:\/\/www.radiodigitaltamazunchale.com\/landing\/wp-json\/wp\/v2\/posts\/19595\/revisions"}],"predecessor-version":[{"id":19597,"href":"http:\/\/www.radiodigitaltamazunchale.com\/landing\/wp-json\/wp\/v2\/posts\/19595\/revisions\/19597"}],"wp:featuredmedia":[{"embeddable":true,"href":"http:\/\/www.radiodigitaltamazunchale.com\/landing\/wp-json\/wp\/v2\/media\/19596"}],"wp:attachment":[{"href":"http:\/\/www.radiodigitaltamazunchale.com\/landing\/wp-json\/wp\/v2\/media?parent=19595"}],"wp:term":[{"taxonomy":"category","embeddable":true,"href":"http:\/\/www.radiodigitaltamazunchale.com\/landing\/wp-json\/wp\/v2\/categories?post=19595"},{"taxonomy":"post_tag","embeddable":true,"href":"http:\/\/www.radiodigitaltamazunchale.com\/landing\/wp-json\/wp\/v2\/tags?post=19595"}],"curies":[{"name":"wp","href":"https:\/\/api.w.org\/{rel}","templated":true}]}}