{"id":19654,"date":"2019-01-05T14:39:50","date_gmt":"2019-01-05T20:39:50","guid":{"rendered":"http:\/\/www.radiodigitaltamazunchale.com\/landing\/?p=19654"},"modified":"2019-01-05T14:39:50","modified_gmt":"2019-01-05T20:39:50","slug":"entran-en-vigor-algunas-modificaciones-economicas-y-sociales-para-mexico","status":"publish","type":"post","link":"http:\/\/www.radiodigitaltamazunchale.com\/landing\/uncategorized\/entran-en-vigor-algunas-modificaciones-economicas-y-sociales-para-mexico\/","title":{"rendered":"ENTRAN EN VIGOR ALGUNAS MODIFICACIONES ECON\u00d3MICAS Y SOCIALES PARA M\u00c9XICO."},"content":{"rendered":"<p>Los mayores cambios para M\u00e9xico en 2019.<\/p>\n<div class=\"column is-10 is-offset-2 is-9-fullhd is-offset-3-fullhd content\">\n<div>\n<p class=\"paragraph\" data-count=\"201\" data-wrap=\"30\">Con el a\u00f1o nuevo, tambi\u00e9n<strong>\u00a0inicia de lleno la administraci\u00f3n del presidente Andr\u00e9s Manuel L\u00f3pez Obrador<\/strong>, y con ello surgen\u00a0<strong>diversas modificaciones en varios rubros<\/strong>, principalmente el econ\u00f3mico y social.<\/p>\n<p class=\"paragraph\" data-count=\"221\" data-wrap=\"30\">Entre las principales modificaciones se encuentran alzas al salario m\u00ednimo, actualizaciones a impuestos de combustibles, tarifas el\u00e9ctricas y la entrada en vigor de diversos programas sociales insignia del nuevo gobierno.<\/p>\n<h3 class=\"featured__title\">Salarios<\/h3>\n<p class=\"paragraph\" data-count=\"238\" data-wrap=\"41\">El salario m\u00ednimo general a nivel nacional pasar\u00e1 de 88.36 pesos diarios, a 102.68 pesos diarios vigentes en 2019, lo que aplicar\u00e1 a por lo menos 2 millones 76 mil 894 trabajadores que registran ingresos de un minisalario, seg\u00fan el Inegi.<\/p>\n<p class=\"paragraph\" data-count=\"221\" data-wrap=\"36\">Como parte del proyecto Zona Libre para la Frontera Norte, el salario m\u00ednimo en 43 municipios de la regi\u00f3n ser\u00e1 de 176.72 pesos por jornada laboral en Baja California, Sonora, Chihuahua, Coahuila, Nuevo Le\u00f3n y Tamaulipas.<\/p>\n<h3 class=\"featured__title\">Fiscales<\/h3>\n<p class=\"paragraph\" data-count=\"413\" data-wrap=\"79\">Entran en vigor los est\u00edmulos fiscales a estados y municipios a lo largo de 3 mil 180 kil\u00f3metros de frontera con Estados Unidos y una franja de 25 kil\u00f3metros, los cuales consisten en bajar la tasa del ISR de 30 a 20 por ciento y del IVA de 16 a 8 por ciento. Asimismo, se fijar\u00e1 cero IVA a las gasolinas y di\u00e9sel en esa regi\u00f3n, buscando homologar los precios con los de las ciudades fronterizas de Estados Unidos.<\/p>\n<p class=\"paragraph\" data-count=\"302\" data-wrap=\"49\">Adicionalmente, la Secretar\u00eda de Hacienda y Cr\u00e9dito P\u00fablico dio a conocer la actualizaci\u00f3n de las cuotas del Impuesto Especial sobre Producci\u00f3n y Servicios (IEPS) para combustibles, lo que implicar\u00e1 un aumento promedio de 4.72 por ciento a las gasolinas Magna, Premium y di\u00e9sel a partir del 1 de enero.<\/p>\n<p class=\"paragraph\" data-count=\"366\" data-wrap=\"70\"><a class=\"ef__link\" href=\"http:\/\/elfinanciero.com.mx\/economia\/aumentar-la-cuota-del-ieps-a-las-gasolinas-significa-que-habra-gasolinazo-en-enero\" target=\"&quot;_blank&quot;\">Si bien el consumidor pagar\u00e1 m\u00e1s IEPS, esto no implica que el litro de gasolina se vaya a encarecer<\/a>, ya que la SHCP aplicar\u00e1 un est\u00edmulo fiscal para que los precios no aumenten m\u00e1s que la inflaci\u00f3n, adem\u00e1s, el alza del IEPS se da en un contexto en el que los precios internacionales de referencia de la mezcla mexicana han ido a la baja en los \u00faltimos meses de 2018.<\/p>\n<p class=\"paragraph\" data-count=\"266\" data-wrap=\"41\">Otro cambio fiscal es la eliminaci\u00f3n de la compensaci\u00f3n universal, una facilidad administrativa que permit\u00eda que los saldos a favor del IVA se pudieran recuperar mediante su compensaci\u00f3n contra otros impuestos de manera autom\u00e1tica y sin previa autorizaci\u00f3n del SAT.<\/p>\n<p class=\"paragraph\" data-count=\"261\" data-wrap=\"46\">Para 2019 tambi\u00e9n se actualiz\u00f3 la tasa de retencio\u0301n del ISR por intereses pagados por el sistema financiero; pasar\u00e1 de 0.46 a 1.04 por ciento. Esto quiere decir que si una persona tiene inversiones o ahorros en el banco ver\u00e1 un aumento en el impuesto retenido.<\/p>\n<h3 class=\"featured__title\">Energ\u00eda<\/h3>\n<p class=\"paragraph\" data-count=\"344\" data-wrap=\"52\">Las tarifas dom\u00e9sticas de bajo consumo del suministro b\u00e1sico de electricidad se actualizar\u00e1n con base en la inflaci\u00f3n observada en el \u00cdndice Nacional de Precios al Consumidor, es decir, no tendr\u00e1n aumentos en t\u00e9rminos reales, mientras que las tarifas el\u00e9ctricas para los sectores industrial, comercial y de servicios aumentar\u00e1n 0.41 por ciento.<\/p>\n<h3 class=\"featured__title\">Programas sociales<\/h3>\n<p class=\"paragraph\" data-count=\"377\" data-wrap=\"63\">Este mes inici\u00f3 el proceso de inscripci\u00f3n de personas al programa J\u00f3venes Construyendo el Futuro. Una vez ingresada la informaci\u00f3n del joven respecto a su edad, nivel educativo, intereses y lugar de residencia, el sistema arrojar\u00e1 las opciones disponibles de los centros de trabajo y en un plazo no mayor a 10 d\u00edas h\u00e1biles se notificar\u00e1 a la empresa que haya sido seleccionada.<\/p>\n<p class=\"paragraph\" data-count=\"229\" data-wrap=\"45\">La pensi\u00f3n para el Bienestar de las Personas Adultas Mayores entra en vigor tambi\u00e9n, con \u00e9l se otorgar\u00e1 un apoyo de mil 274 pesos mensuales a los adultos mayores de 68 a\u00f1os; en el caso de ind\u00edgenas, la edad ser\u00e1 de 65 a\u00f1os y m\u00e1s.<\/p>\n<h3 class=\"featured__title\">Agricultura<\/h3>\n<p class=\"paragraph\" data-count=\"204\" data-wrap=\"38\">Entra en vigor el programa de precios de garant\u00eda para la leche, por la que se pagar\u00e1 a ganaderos 8.20 pesos por litro. Otros productos que participar\u00e1n a lo largo del a\u00f1o son ma\u00edz, frijol, arroz y trigo.<\/p>\n<p class=\"paragraph\" data-count=\"51\" data-wrap=\"8\"><strong><em>\ufffcCon informaci\u00f3n de Daniela Loredo y Daniel Blanco*<\/em><\/strong><\/p>\n<\/div>\n<\/div>\n","protected":false},"excerpt":{"rendered":"<p>Los mayores cambios para M\u00e9xico en 2019. Con el a\u00f1o nuevo, tambi\u00e9n\u00a0inicia de lleno la administraci\u00f3n del presidente Andr\u00e9s Manuel<\/p>\n","protected":false},"author":2,"featured_media":19655,"comment_status":"open","ping_status":"open","sticky":false,"template":"","format":"standard","meta":[],"categories":[1],"tags":[],"_links":{"self":[{"href":"http:\/\/www.radiodigitaltamazunchale.com\/landing\/wp-json\/wp\/v2\/posts\/19654"}],"collection":[{"href":"http:\/\/www.radiodigitaltamazunchale.com\/landing\/wp-json\/wp\/v2\/posts"}],"about":[{"href":"http:\/\/www.radiodigitaltamazunchale.com\/landing\/wp-json\/wp\/v2\/types\/post"}],"author":[{"embeddable":true,"href":"http:\/\/www.radiodigitaltamazunchale.com\/landing\/wp-json\/wp\/v2\/users\/2"}],"replies":[{"embeddable":true,"href":"http:\/\/www.radiodigitaltamazunchale.com\/landing\/wp-json\/wp\/v2\/comments?post=19654"}],"version-history":[{"count":1,"href":"http:\/\/www.radiodigitaltamazunchale.com\/landing\/wp-json\/wp\/v2\/posts\/19654\/revisions"}],"predecessor-version":[{"id":19656,"href":"http:\/\/www.radiodigitaltamazunchale.com\/landing\/wp-json\/wp\/v2\/posts\/19654\/revisions\/19656"}],"wp:featuredmedia":[{"embeddable":true,"href":"http:\/\/www.radiodigitaltamazunchale.com\/landing\/wp-json\/wp\/v2\/media\/19655"}],"wp:attachment":[{"href":"http:\/\/www.radiodigitaltamazunchale.com\/landing\/wp-json\/wp\/v2\/media?parent=19654"}],"wp:term":[{"taxonomy":"category","embeddable":true,"href":"http:\/\/www.radiodigitaltamazunchale.com\/landing\/wp-json\/wp\/v2\/categories?post=19654"},{"taxonomy":"post_tag","embeddable":true,"href":"http:\/\/www.radiodigitaltamazunchale.com\/landing\/wp-json\/wp\/v2\/tags?post=19654"}],"curies":[{"name":"wp","href":"https:\/\/api.w.org\/{rel}","templated":true}]}}