{"id":19666,"date":"2019-01-05T15:37:13","date_gmt":"2019-01-05T21:37:13","guid":{"rendered":"http:\/\/www.radiodigitaltamazunchale.com\/landing\/?p=19666"},"modified":"2019-01-05T15:37:13","modified_gmt":"2019-01-05T21:37:13","slug":"durante-vacaciones-permanecio-abierta-la-exposicion-9a-colectiva-de-artes-visuales","status":"publish","type":"post","link":"http:\/\/www.radiodigitaltamazunchale.com\/landing\/uncategorized\/durante-vacaciones-permanecio-abierta-la-exposicion-9a-colectiva-de-artes-visuales\/","title":{"rendered":"DURANTE VACACIONES PERMANECI\u00d3 ABIERTA LA EXPOSICI\u00d3N \u201c9\u00aa COLECTIVA DE ARTES VISUALES\u201d"},"content":{"rendered":"<p>Durante las vacaciones se mantuvo abierta la exposici\u00f3n \u201c9\u00aa Colectiva de Artes Visuales\u201d, en la Galer\u00eda del Centro de las Artes de San Luis Potos\u00ed Centenario, en un horario de martes a domingo de 10:00 a 17:00 horas, y continuar\u00e1 durante todo el mes de enero.<\/p>\n<p>La \u201c9\u00aa Colectiva de Artes Visuales\u201d re\u00fane un total de 84 piezas que 75 alumnos y alumnas del \u00c1rea de Artes Visuales del CEART elaboraron durante el \u00faltimo a\u00f1o de clases en las disciplinas de pintura, dibujo, cer\u00e1mica y escultura.<\/p>\n<p>Esta exposici\u00f3n colectiva se ha llevado a cabo de manera ininterrumpida durante nueve a\u00f1os. Cada a\u00f1o, los y las participantes de los diversos talleres del \u00e1rea de Artes Visuales del CEART presentan los trabajos que fueron realizados a trav\u00e9s de los distintos periodos de trabajo. En colaboraci\u00f3n con participantes y docentes, se realiza una selecci\u00f3n de lo que se consideran los trabajos m\u00e1s sobresalientes realizados por estudiantes de distintos niveles.<\/p>\n<p>La \u201c9\u00aa Colectiva de Artes Visuales\u201d le permite al alumnado cerrar un ciclo de formaci\u00f3n, enfrentar el escrutinio, reconocer aciertos y errores y de ah\u00ed plantear nuevas rutas y diferentes retos que le permitan desarrollarse como artista. Del mismo modo, a docentes les permite evaluar si los objetivos planteados se est\u00e1n cubriendo, o si es necesario un replanteamiento del modo c\u00f3mo se acompa\u00f1an los procesos.<\/p>\n<p>La \u201c9\u00aa Colectiva de Artes Visuales\u201d a\u00fan se encuentra vigente en la Galer\u00eda del CEART en un horario de martes a domingo de 10:00 a 18:00 horas. La entrada a esta exposici\u00f3n es libre con el boleto de acceso al CEART que cuesta $15.<\/p>\n<p><strong>\u00a0<\/strong><\/p>\n<p>&nbsp;<\/p>\n","protected":false},"excerpt":{"rendered":"<p>Durante las vacaciones se mantuvo abierta la exposici\u00f3n \u201c9\u00aa Colectiva de Artes Visuales\u201d, en la Galer\u00eda del Centro de las<\/p>\n","protected":false},"author":2,"featured_media":19668,"comment_status":"open","ping_status":"open","sticky":false,"template":"","format":"standard","meta":[],"categories":[1],"tags":[],"_links":{"self":[{"href":"http:\/\/www.radiodigitaltamazunchale.com\/landing\/wp-json\/wp\/v2\/posts\/19666"}],"collection":[{"href":"http:\/\/www.radiodigitaltamazunchale.com\/landing\/wp-json\/wp\/v2\/posts"}],"about":[{"href":"http:\/\/www.radiodigitaltamazunchale.com\/landing\/wp-json\/wp\/v2\/types\/post"}],"author":[{"embeddable":true,"href":"http:\/\/www.radiodigitaltamazunchale.com\/landing\/wp-json\/wp\/v2\/users\/2"}],"replies":[{"embeddable":true,"href":"http:\/\/www.radiodigitaltamazunchale.com\/landing\/wp-json\/wp\/v2\/comments?post=19666"}],"version-history":[{"count":1,"href":"http:\/\/www.radiodigitaltamazunchale.com\/landing\/wp-json\/wp\/v2\/posts\/19666\/revisions"}],"predecessor-version":[{"id":19669,"href":"http:\/\/www.radiodigitaltamazunchale.com\/landing\/wp-json\/wp\/v2\/posts\/19666\/revisions\/19669"}],"wp:featuredmedia":[{"embeddable":true,"href":"http:\/\/www.radiodigitaltamazunchale.com\/landing\/wp-json\/wp\/v2\/media\/19668"}],"wp:attachment":[{"href":"http:\/\/www.radiodigitaltamazunchale.com\/landing\/wp-json\/wp\/v2\/media?parent=19666"}],"wp:term":[{"taxonomy":"category","embeddable":true,"href":"http:\/\/www.radiodigitaltamazunchale.com\/landing\/wp-json\/wp\/v2\/categories?post=19666"},{"taxonomy":"post_tag","embeddable":true,"href":"http:\/\/www.radiodigitaltamazunchale.com\/landing\/wp-json\/wp\/v2\/tags?post=19666"}],"curies":[{"name":"wp","href":"https:\/\/api.w.org\/{rel}","templated":true}]}}