{"id":19674,"date":"2019-01-06T13:02:19","date_gmt":"2019-01-06T19:02:19","guid":{"rendered":"http:\/\/www.radiodigitaltamazunchale.com\/landing\/?p=19674"},"modified":"2019-01-06T13:02:19","modified_gmt":"2019-01-06T19:02:19","slug":"necesaria-campana-de-concientizacion-para-el-uso-de-automovil-en-beneficio-de-la-movilidad-y-el-medio-ambiente","status":"publish","type":"post","link":"http:\/\/www.radiodigitaltamazunchale.com\/landing\/uncategorized\/necesaria-campana-de-concientizacion-para-el-uso-de-automovil-en-beneficio-de-la-movilidad-y-el-medio-ambiente\/","title":{"rendered":"NECESARIA CAMPA\u00d1A DE CONCIENTIZACI\u00d3N PARA EL USO DE AUTOM\u00d3VIL EN BENEFICIO DE LA MOVILIDAD Y EL MEDIO AMBIENTE"},"content":{"rendered":"<p>La diputada Martha Barajas Garc\u00eda present\u00f3 un Punto de Acuerdo para exhortar de manera respetuosa a la Secretar\u00eda de Educaci\u00f3n y de Ecolog\u00eda y Gesti\u00f3n Ambiental del Gobierno del Estado, para que inicien una campa\u00f1a de concientizaci\u00f3n del uso del autom\u00f3vil para trasladarse a las escuelas, fomentando otras formas de trasporte en las que se pondere la movilidad y la calidad del aire en beneficio de todos los educandos.<\/p>\n<p>Dijo que la utilizaci\u00f3n desmedida del autom\u00f3vil genera amplios efectos negativos sobre el medio ambiente, propicia enfermedades, adem\u00e1s de que, cuando hay accidentes graves, ocurren muertes prematuras, y en ocasiones, ha dejado a personas con discapacidad e incapacitadas.<\/p>\n<p>Es por ello, que urge que las autoridades de educaci\u00f3n y del medio ambiente, implementen campa\u00f1as de informaci\u00f3n y concientizaci\u00f3n sobre las afectaciones que provoca el uso irracional de autom\u00f3viles y desincentivar su utilizaci\u00f3n e impulsar la movilidad y activaci\u00f3n f\u00edsica de la sociedad y de sus educandos.<\/p>\n<p>La legisladora expuso que las emisiones de contaminantes que se encuentran en el aire son las que afectan a la salud humana, especialmente a los sectores vulnerables, \u201choy en d\u00eda, nos encontramos con personas que usan el autom\u00f3vil para desplazarse a una corta distancia. El ejemplo m\u00e1s claro, son los padres que utilizan sus veh\u00edculos para dejar a sus hijos en la escuela que esta\u0301 a unas cuantas calles de donde habitan, o bien, para adquirir productos o servicios en tiendas cercanas\u201d.<\/p>\n<p>La dependencia del automo\u0301vil crea una sujecio\u0301n energe\u0301tica, ya que la gasolina se ha convertido en uno de los principales productos importados, por lo que esta situacio\u0301n es preocupante desde el punto de vista econ\u00f3mico y ecol\u00f3gico. Adem\u00e1s de que acaba con las ventajas de vivir en una ciudad libre de contaminaci\u00f3n.<\/p>\n<p>Esta dependencia fragmenta el espacio urbano y favorece una menor convivencia social, fomenta la segregaci\u00f3n social y una menor tolerancia, hechos que afectan a la construcci\u00f3n de una entidad estable, adem\u00e1s de que favorece la contaminaci\u00f3n y disminuye la calidad del aire en horas pico.<\/p>\n<p>A\u00f1adi\u00f3 la diputada Martha Barajas que, aunado a lo anterior, si no contamos con pol\u00edticas p\u00fablicas para desincentivar el uso del autom\u00f3vil, utilizando otras v\u00edas de comunicaci\u00f3n, como el uso de la bicicleta o el trasporte p\u00fablico o simplemente caminar, sino creamos conciencia para la sustentabilidad del uso del autom\u00f3vil desde las escuelas, como padres de familia y como maestros, va a ser imposible que las nuevas generaciones adopten nuevas formas para trasladarse de un lugar a otro.<\/p>\n<p>&nbsp;<\/p>\n","protected":false},"excerpt":{"rendered":"<p>La diputada Martha Barajas Garc\u00eda present\u00f3 un Punto de Acuerdo para exhortar de manera respetuosa a la Secretar\u00eda de Educaci\u00f3n<\/p>\n","protected":false},"author":2,"featured_media":19676,"comment_status":"open","ping_status":"open","sticky":false,"template":"","format":"standard","meta":[],"categories":[1],"tags":[],"_links":{"self":[{"href":"http:\/\/www.radiodigitaltamazunchale.com\/landing\/wp-json\/wp\/v2\/posts\/19674"}],"collection":[{"href":"http:\/\/www.radiodigitaltamazunchale.com\/landing\/wp-json\/wp\/v2\/posts"}],"about":[{"href":"http:\/\/www.radiodigitaltamazunchale.com\/landing\/wp-json\/wp\/v2\/types\/post"}],"author":[{"embeddable":true,"href":"http:\/\/www.radiodigitaltamazunchale.com\/landing\/wp-json\/wp\/v2\/users\/2"}],"replies":[{"embeddable":true,"href":"http:\/\/www.radiodigitaltamazunchale.com\/landing\/wp-json\/wp\/v2\/comments?post=19674"}],"version-history":[{"count":1,"href":"http:\/\/www.radiodigitaltamazunchale.com\/landing\/wp-json\/wp\/v2\/posts\/19674\/revisions"}],"predecessor-version":[{"id":19677,"href":"http:\/\/www.radiodigitaltamazunchale.com\/landing\/wp-json\/wp\/v2\/posts\/19674\/revisions\/19677"}],"wp:featuredmedia":[{"embeddable":true,"href":"http:\/\/www.radiodigitaltamazunchale.com\/landing\/wp-json\/wp\/v2\/media\/19676"}],"wp:attachment":[{"href":"http:\/\/www.radiodigitaltamazunchale.com\/landing\/wp-json\/wp\/v2\/media?parent=19674"}],"wp:term":[{"taxonomy":"category","embeddable":true,"href":"http:\/\/www.radiodigitaltamazunchale.com\/landing\/wp-json\/wp\/v2\/categories?post=19674"},{"taxonomy":"post_tag","embeddable":true,"href":"http:\/\/www.radiodigitaltamazunchale.com\/landing\/wp-json\/wp\/v2\/tags?post=19674"}],"curies":[{"name":"wp","href":"https:\/\/api.w.org\/{rel}","templated":true}]}}