{"id":19709,"date":"2019-01-07T11:28:04","date_gmt":"2019-01-07T17:28:04","guid":{"rendered":"http:\/\/www.radiodigitaltamazunchale.com\/landing\/?p=19709"},"modified":"2019-01-07T11:28:04","modified_gmt":"2019-01-07T17:28:04","slug":"la-mexicana-yalitza-aparicio-deslumbro-en-alfombra-roja-de-los-globos-de-oro","status":"publish","type":"post","link":"http:\/\/www.radiodigitaltamazunchale.com\/landing\/uncategorized\/la-mexicana-yalitza-aparicio-deslumbro-en-alfombra-roja-de-los-globos-de-oro\/","title":{"rendered":"LA MEXICANA YALITZA APARICIO DESLUMBR\u00d3 EN ALFOMBRA ROJA DE LOS GLOBOS DE ORO"},"content":{"rendered":"<p class=\"cont-extracto\">-La protagonista de Roma es sin duda una de las estrellas m\u00e1s esperadas de la noche.<\/p>\n<p>Yalitza Aparicio, que debut\u00f3 como actriz en esta aclamada cinta,\u00a0luci\u00f3 un maxivestido en color plata de marca Miu Miu con escote y tirantes, atuendo acompa\u00f1ado de un tocado discreto en su pelo. El modelo de corte imperio fue su elecci\u00f3n para desfilar en la alfombra roja de los\u00a0<b>Golden Globes 2019<\/b>.<\/p>\n<p><b>Yalitza Aparicio<\/b>\u00a0finalmente lleg\u00f3 al Beverly Hilton en Beverly Hills, California, donde se lleva a cabo la 76 edici\u00f3n de los\u00a0<b>Globos de Oro<\/b>, mejor conocidos como la Antesala del Oscar.<\/p>\n<p>Pese a que la originaria de Oaxaca no est\u00e1 nominada esta noche, la actriz acudi\u00f3 para dar apoyo al cineasta\u00a0<b>Alfonso Cuar\u00f3n<\/b>\u00a0as\u00ed como al que fue su equipo de trabajo.<\/p>\n<p>\u00abRoma\u00bb triunf\u00f3 en la gala de los Golden Globes en la categor\u00eda de Mejor pel\u00edcula extranjera, de esta manera la cinta contin\u00faa a paso firme su camino a los Oscar, el premio m\u00e1s importante de la industria cinematogr\u00e1fica.<\/p>\n<p>Yalitza lleg\u00f3 en compa\u00f1\u00eda de la actriz mexicana\u00a0<b>Marina De Tavira.<\/b><\/p>\n<p>&nbsp;<\/p>\n","protected":false},"excerpt":{"rendered":"<p>-La protagonista de Roma es sin duda una de las estrellas m\u00e1s esperadas de la noche. Yalitza Aparicio, que debut\u00f3<\/p>\n","protected":false},"author":2,"featured_media":19710,"comment_status":"open","ping_status":"open","sticky":false,"template":"","format":"standard","meta":[],"categories":[1],"tags":[],"_links":{"self":[{"href":"http:\/\/www.radiodigitaltamazunchale.com\/landing\/wp-json\/wp\/v2\/posts\/19709"}],"collection":[{"href":"http:\/\/www.radiodigitaltamazunchale.com\/landing\/wp-json\/wp\/v2\/posts"}],"about":[{"href":"http:\/\/www.radiodigitaltamazunchale.com\/landing\/wp-json\/wp\/v2\/types\/post"}],"author":[{"embeddable":true,"href":"http:\/\/www.radiodigitaltamazunchale.com\/landing\/wp-json\/wp\/v2\/users\/2"}],"replies":[{"embeddable":true,"href":"http:\/\/www.radiodigitaltamazunchale.com\/landing\/wp-json\/wp\/v2\/comments?post=19709"}],"version-history":[{"count":1,"href":"http:\/\/www.radiodigitaltamazunchale.com\/landing\/wp-json\/wp\/v2\/posts\/19709\/revisions"}],"predecessor-version":[{"id":19711,"href":"http:\/\/www.radiodigitaltamazunchale.com\/landing\/wp-json\/wp\/v2\/posts\/19709\/revisions\/19711"}],"wp:featuredmedia":[{"embeddable":true,"href":"http:\/\/www.radiodigitaltamazunchale.com\/landing\/wp-json\/wp\/v2\/media\/19710"}],"wp:attachment":[{"href":"http:\/\/www.radiodigitaltamazunchale.com\/landing\/wp-json\/wp\/v2\/media?parent=19709"}],"wp:term":[{"taxonomy":"category","embeddable":true,"href":"http:\/\/www.radiodigitaltamazunchale.com\/landing\/wp-json\/wp\/v2\/categories?post=19709"},{"taxonomy":"post_tag","embeddable":true,"href":"http:\/\/www.radiodigitaltamazunchale.com\/landing\/wp-json\/wp\/v2\/tags?post=19709"}],"curies":[{"name":"wp","href":"https:\/\/api.w.org\/{rel}","templated":true}]}}