{"id":19744,"date":"2019-01-07T08:31:55","date_gmt":"2019-01-07T14:31:55","guid":{"rendered":"http:\/\/www.radiodigitaltamazunchale.com\/landing\/?p=19744"},"modified":"2019-01-08T08:33:30","modified_gmt":"2019-01-08T14:33:30","slug":"con-la-construccion-de-dialogo-y-participacion-sentamos-las-bases-para-mayor-estabilidad-jm-carreras","status":"publish","type":"post","link":"http:\/\/www.radiodigitaltamazunchale.com\/landing\/uncategorized\/con-la-construccion-de-dialogo-y-participacion-sentamos-las-bases-para-mayor-estabilidad-jm-carreras\/","title":{"rendered":"CON LA CONSTRUCCI\u00d3N DE DI\u00c1LOGO Y PARTICIPACI\u00d3N, SENTAMOS LAS BASES PARA MAYOR ESTABILIDAD: JM CARRERAS"},"content":{"rendered":"<p><strong>-Toma protesta a representantes obreros y patronales de la Junta Local de Conciliaci\u00f3n y Arbitraje.<\/strong><\/p>\n<p><strong>&#8211;<\/strong><strong>El Ejecutivo reconoce aporte de estos sectores para el desarrollo sostenido de SLP.<\/strong><\/p>\n<p><strong>\u00a0<\/strong>Al encabezar la ceremonia de toma de protesta legal de los representantes obreros y patronales de la Junta Local de Conciliaci\u00f3n y Arbitraje (JLCA), el Gobernador del Estado, Juan Manuel Carreras L\u00f3pez, destac\u00f3 que, con la construcci\u00f3n de di\u00e1logo, sentamos en San Luis Potos\u00ed las bases para una mayor estabilidad, que est\u00e1 reflejada en los indicadores de generaci\u00f3n de empleo.<\/p>\n<p>El titular del Ejecutivo, destac\u00f3 que la creaci\u00f3n de fuentes de empleo ha sobrepasado las estimaciones que se establecieron al inicio de su administraci\u00f3n, ya que se tiene reporte de 70 mil empleos formales al cierre de 2018, lo que representa un reto conjunto que debe ser asumido por el sector obrero, patronal y el Gobierno del Estado.<\/p>\n<p>\u201cCon estabilidad, se propicia el ingreso de inversiones y la creaci\u00f3n de empleos; al final del d\u00eda es lo que interesa, no habr\u00eda otra manera de entender el bienestar y el desarrollo de las familias potosinas\u201d, indic\u00f3 el mandatario.<\/p>\n<p>En representaci\u00f3n del sector patronal y jurado de responsabilidades, Jorge Chessal Palau reconoci\u00f3 este esfuerzo encabezado por el mandatario estatal, ya que con estas acciones se da legalidad a la conformaci\u00f3n de la JLCA, que hab\u00eda sido olvidada en administraciones anteriores.<\/p>\n<p>Fabi\u00e1n Alejandro Flores V\u00e1zquez, representante de la Confederaci\u00f3n de Trabajadores de M\u00e9xico, reconoci\u00f3 la importancia de consolidar estas instancias, ya que se enfrentan retos nacionales que demandan la unidad tanto de obreros, patrones y las autoridades federales, en tanto, reconoci\u00f3 la voluntad de Carreras L\u00f3pez, para consolidar este objetivo que da legalidad y certeza jur\u00eddica laboral.<\/p>\n<p>En el acto, el Secretario de Trabajo y Previsi\u00f3n Social Manuel Lozano Nieto, destac\u00f3 que se tom\u00f3 protesta a los representantes de las Juntas Especiales con residencia en San Luis Potos\u00ed, Ciudad Valles, Matehuala y Rioverde, as\u00ed como los de la Junta Especial para Universidades e Instituciones de Educaci\u00f3n Superior Aut\u00f3nomas, con sede en la Capital del Estado.<\/p>\n<p>La convocatoria para la elecci\u00f3n de los defensores de derechos laborales se emiti\u00f3 en octubre pasado, por lo que fueron realizadas convenciones el 05 de diciembre, de ellas fueron designados mediante acuerdos administrativos, las y los que ser\u00e1n representantes ante la JLCA, del 2 de enero de 2019 al 31 de diciembre de 2024.<\/p>\n<p>A la ceremonia tambi\u00e9n Alejandro Leal Tov\u00edas, Secretario General de Gobierno, Juana Mar\u00eda Lara D\u00edaz, Presidenta de la JLCA y Jaime Chalita Zarur, Presidente de la Confederaci\u00f3n Patronal de la Rep\u00fablica Mexicana en San Luis Potos\u00ed.<\/p>\n<p>&nbsp;<\/p>\n","protected":false},"excerpt":{"rendered":"<p>-Toma protesta a representantes obreros y patronales de la Junta Local de Conciliaci\u00f3n y Arbitraje. &#8211;El Ejecutivo reconoce aporte de<\/p>\n","protected":false},"author":2,"featured_media":19745,"comment_status":"open","ping_status":"open","sticky":false,"template":"","format":"standard","meta":[],"categories":[1],"tags":[],"_links":{"self":[{"href":"http:\/\/www.radiodigitaltamazunchale.com\/landing\/wp-json\/wp\/v2\/posts\/19744"}],"collection":[{"href":"http:\/\/www.radiodigitaltamazunchale.com\/landing\/wp-json\/wp\/v2\/posts"}],"about":[{"href":"http:\/\/www.radiodigitaltamazunchale.com\/landing\/wp-json\/wp\/v2\/types\/post"}],"author":[{"embeddable":true,"href":"http:\/\/www.radiodigitaltamazunchale.com\/landing\/wp-json\/wp\/v2\/users\/2"}],"replies":[{"embeddable":true,"href":"http:\/\/www.radiodigitaltamazunchale.com\/landing\/wp-json\/wp\/v2\/comments?post=19744"}],"version-history":[{"count":1,"href":"http:\/\/www.radiodigitaltamazunchale.com\/landing\/wp-json\/wp\/v2\/posts\/19744\/revisions"}],"predecessor-version":[{"id":19746,"href":"http:\/\/www.radiodigitaltamazunchale.com\/landing\/wp-json\/wp\/v2\/posts\/19744\/revisions\/19746"}],"wp:featuredmedia":[{"embeddable":true,"href":"http:\/\/www.radiodigitaltamazunchale.com\/landing\/wp-json\/wp\/v2\/media\/19745"}],"wp:attachment":[{"href":"http:\/\/www.radiodigitaltamazunchale.com\/landing\/wp-json\/wp\/v2\/media?parent=19744"}],"wp:term":[{"taxonomy":"category","embeddable":true,"href":"http:\/\/www.radiodigitaltamazunchale.com\/landing\/wp-json\/wp\/v2\/categories?post=19744"},{"taxonomy":"post_tag","embeddable":true,"href":"http:\/\/www.radiodigitaltamazunchale.com\/landing\/wp-json\/wp\/v2\/tags?post=19744"}],"curies":[{"name":"wp","href":"https:\/\/api.w.org\/{rel}","templated":true}]}}