{"id":19753,"date":"2019-01-08T13:30:47","date_gmt":"2019-01-08T19:30:47","guid":{"rendered":"http:\/\/www.radiodigitaltamazunchale.com\/landing\/?p=19753"},"modified":"2019-01-08T13:30:47","modified_gmt":"2019-01-08T19:30:47","slug":"jm-carreras-realizara-gira-de-trabajo-en-municipios-del-altiplano","status":"publish","type":"post","link":"http:\/\/www.radiodigitaltamazunchale.com\/landing\/uncategorized\/jm-carreras-realizara-gira-de-trabajo-en-municipios-del-altiplano\/","title":{"rendered":"JM CARRERAS REALIZAR\u00c1 GIRA DE TRABAJO EN MUNICIPIOS DEL ALTIPLANO"},"content":{"rendered":"<p><strong>-Arrancar\u00e1 obras en Villa de la Paz y Catorce.<\/strong><\/p>\n<p><strong>\u00a0<\/strong>Como parte de su primera gira de trabajo del a\u00f1o, el Gobernador del Estado, Juan Manuel Carreras L\u00f3pez, visitar\u00e1 este martes Villa de la Paz y Catorce, para dar inicios formales de diversas obras, principalmente de infraestructura educativa, carretera, social, hidr\u00e1ulica, entre otras.<\/p>\n<p>La agenda del mandatario contempla el arranque de la construcci\u00f3n de una barda perimetral en la Escuela Secundaria \u201cM\u00e1rtires del Trabajo\u201d, de la cabecera municipal de Villa de la Paz, as\u00ed como un techado en la plaza c\u00edvica de la Escuela Primaria \u201cDavid G. Berlanga\u201d.<\/p>\n<p>Posteriormente, el mandatario dar\u00e1 el banderazo inicial al reencarpetamiento asf\u00e1ltico del camino El Carmen-San Antonio de las Trojes. Despu\u00e9s, se reunir\u00e1 con beneficiarios de esta obra y del arreglo del camino La Paz-La Boca, as\u00ed como con los de la Red de Alcantarillado Sanitario del sector 1, de la Col. Real de Minas.<\/p>\n<p>En Catorce, el Gobernador del Estado, supervisar\u00e1 los avances de la ampliaci\u00f3n del estacionamiento vehicular en la Ex Hacienda Dolores Trompeta. Posterior a ello, comenzar\u00e1 los trabajos de rehabilitaci\u00f3n del Centro H\u00edpico de Real de Catorce.<\/p>\n<p>M\u00e1s tarde, iniciar\u00eda la construcci\u00f3n de una Cancha de Usos M\u00faltiples en la localidad de Los Catorce. Posterior a ello, iniciar\u00e1 la obra de conexi\u00f3n con camino a base de carpeta asf\u00e1ltica a la localidad de El Tecolote, en el tramo camino a Estaci\u00f3n.<\/p>\n<p>En el \u00faltimo evento de la gira, el titular del Ejecutivo, arrancar\u00e1 la obra de la l\u00ednea de conducci\u00f3n de agua potable y la cancha deportiva multifuncional \u201cDel Cabrito\u201d, en la localidad de Tanque de Arenas.<\/p>\n<p>&nbsp;<\/p>\n<p>&nbsp;<\/p>\n<p>&nbsp;<\/p>\n","protected":false},"excerpt":{"rendered":"<p>-Arrancar\u00e1 obras en Villa de la Paz y Catorce. \u00a0Como parte de su primera gira de trabajo del a\u00f1o, el<\/p>\n","protected":false},"author":2,"featured_media":19609,"comment_status":"open","ping_status":"open","sticky":false,"template":"","format":"standard","meta":[],"categories":[1],"tags":[],"_links":{"self":[{"href":"http:\/\/www.radiodigitaltamazunchale.com\/landing\/wp-json\/wp\/v2\/posts\/19753"}],"collection":[{"href":"http:\/\/www.radiodigitaltamazunchale.com\/landing\/wp-json\/wp\/v2\/posts"}],"about":[{"href":"http:\/\/www.radiodigitaltamazunchale.com\/landing\/wp-json\/wp\/v2\/types\/post"}],"author":[{"embeddable":true,"href":"http:\/\/www.radiodigitaltamazunchale.com\/landing\/wp-json\/wp\/v2\/users\/2"}],"replies":[{"embeddable":true,"href":"http:\/\/www.radiodigitaltamazunchale.com\/landing\/wp-json\/wp\/v2\/comments?post=19753"}],"version-history":[{"count":1,"href":"http:\/\/www.radiodigitaltamazunchale.com\/landing\/wp-json\/wp\/v2\/posts\/19753\/revisions"}],"predecessor-version":[{"id":19754,"href":"http:\/\/www.radiodigitaltamazunchale.com\/landing\/wp-json\/wp\/v2\/posts\/19753\/revisions\/19754"}],"wp:featuredmedia":[{"embeddable":true,"href":"http:\/\/www.radiodigitaltamazunchale.com\/landing\/wp-json\/wp\/v2\/media\/19609"}],"wp:attachment":[{"href":"http:\/\/www.radiodigitaltamazunchale.com\/landing\/wp-json\/wp\/v2\/media?parent=19753"}],"wp:term":[{"taxonomy":"category","embeddable":true,"href":"http:\/\/www.radiodigitaltamazunchale.com\/landing\/wp-json\/wp\/v2\/categories?post=19753"},{"taxonomy":"post_tag","embeddable":true,"href":"http:\/\/www.radiodigitaltamazunchale.com\/landing\/wp-json\/wp\/v2\/tags?post=19753"}],"curies":[{"name":"wp","href":"https:\/\/api.w.org\/{rel}","templated":true}]}}