{"id":20938,"date":"2019-01-31T10:47:21","date_gmt":"2019-01-31T16:47:21","guid":{"rendered":"http:\/\/www.radiodigitaltamazunchale.com\/landing\/?p=20938"},"modified":"2019-01-31T10:47:22","modified_gmt":"2019-01-31T16:47:22","slug":"entregara-jmcl-obras-de-infraestructura-educativa-y-de-movilidad-en-la-zona-media","status":"publish","type":"post","link":"http:\/\/www.radiodigitaltamazunchale.com\/landing\/uncategorized\/entregara-jmcl-obras-de-infraestructura-educativa-y-de-movilidad-en-la-zona-media\/","title":{"rendered":"ENTREGAR\u00c1 JMCL OBRAS DE INFRAESTRUCTURA EDUCATIVA Y DE MOVILIDAD EN LA ZONA MEDIA"},"content":{"rendered":"\n<p>El Gobernador del Estado, Juan Manuel\nCarreras L\u00f3pez, realizar\u00e1 una gira de trabajo en Villa Ju\u00e1rez y San Ciro de\nAcosta, donde entregar\u00e1 diferentes acciones de infraestructura educativa y movilidad,\nen beneficio de los habitantes de la Zona Media.<\/p>\n\n\n\n<p>De acuerdo con su agenda de trabajo, el\ntitular del Ejecutivo, har\u00e1 entrega de las obras de rehabilitaci\u00f3n integral del\nJard\u00edn de Ni\u00f1os \u201cMar\u00eda Elena Chanes\u201d en la comunidad Palo Seco; as\u00ed como de la\nconstrucci\u00f3n del techado para la cancha de usos m\u00faltiples en la Escuela\nPrimaria \u201cFrancisco Gonz\u00e1lez Bocanegra\u201d de la comunidad La Gavia, ambos\npertenecientes a Villa Ju\u00e1rez.<\/p>\n\n\n\n<p>M\u00e1s tarde en San Ciro De Acosta, Carreras\nL\u00f3pez entregar\u00e1 apoyos del Programa de Becas Cr\u00e9dito para Estudiantes\nUniversitarios del Sistema de Financiamiento para el Desarrollo del Estado\n(SIFIDE), adem\u00e1s de inaugurar la construcci\u00f3n del techado en el patio c\u00edvico y\nsupervisar la rehabilitaci\u00f3n integral de la Escuela Telesecundaria \u201cJuli\u00e1n\nCarrillo\u201d.<\/p>\n\n\n\n<p>En un esfuerzo para mejorar la movilidad de\nlos habitantes de la regi\u00f3n, se inaugurar\u00e1 la reconstrucci\u00f3n del camino San\nCiro de Acosta\/La Trinidad \u2013 El Pitahayo, en la localidad de El Pitahayo; de la\nmisma manera, se entregan la pavimentaci\u00f3n con concreto hidr\u00e1ulico de la calle\nUltramar, as\u00ed como de la modernizaci\u00f3n del camino San Siro de Acosta \u2013 El\nAguacate, en la cabecera municipal y la localidad El Aguacate, respectivamente.<\/p>\n\n\n\n<p>Para cerrar esta gira de trabajo, el\nmandatario estatal, realizar\u00e1 un saludo en el marco de la tradicional charreada\nde clausura de la Feria Regional de San Ciro de Acosta 2019, donde har\u00e1 entrega\ndel estandarte a la Escaramuza Charra Villa de San Ciro.<\/p>\n","protected":false},"excerpt":{"rendered":"<p>El Gobernador del Estado, Juan Manuel Carreras L\u00f3pez, realizar\u00e1 una gira de trabajo en Villa Ju\u00e1rez y San Ciro de<\/p>\n","protected":false},"author":2,"featured_media":20673,"comment_status":"open","ping_status":"open","sticky":false,"template":"","format":"standard","meta":[],"categories":[1],"tags":[],"_links":{"self":[{"href":"http:\/\/www.radiodigitaltamazunchale.com\/landing\/wp-json\/wp\/v2\/posts\/20938"}],"collection":[{"href":"http:\/\/www.radiodigitaltamazunchale.com\/landing\/wp-json\/wp\/v2\/posts"}],"about":[{"href":"http:\/\/www.radiodigitaltamazunchale.com\/landing\/wp-json\/wp\/v2\/types\/post"}],"author":[{"embeddable":true,"href":"http:\/\/www.radiodigitaltamazunchale.com\/landing\/wp-json\/wp\/v2\/users\/2"}],"replies":[{"embeddable":true,"href":"http:\/\/www.radiodigitaltamazunchale.com\/landing\/wp-json\/wp\/v2\/comments?post=20938"}],"version-history":[{"count":1,"href":"http:\/\/www.radiodigitaltamazunchale.com\/landing\/wp-json\/wp\/v2\/posts\/20938\/revisions"}],"predecessor-version":[{"id":20939,"href":"http:\/\/www.radiodigitaltamazunchale.com\/landing\/wp-json\/wp\/v2\/posts\/20938\/revisions\/20939"}],"wp:featuredmedia":[{"embeddable":true,"href":"http:\/\/www.radiodigitaltamazunchale.com\/landing\/wp-json\/wp\/v2\/media\/20673"}],"wp:attachment":[{"href":"http:\/\/www.radiodigitaltamazunchale.com\/landing\/wp-json\/wp\/v2\/media?parent=20938"}],"wp:term":[{"taxonomy":"category","embeddable":true,"href":"http:\/\/www.radiodigitaltamazunchale.com\/landing\/wp-json\/wp\/v2\/categories?post=20938"},{"taxonomy":"post_tag","embeddable":true,"href":"http:\/\/www.radiodigitaltamazunchale.com\/landing\/wp-json\/wp\/v2\/tags?post=20938"}],"curies":[{"name":"wp","href":"https:\/\/api.w.org\/{rel}","templated":true}]}}