{"id":20944,"date":"2019-01-31T15:11:18","date_gmt":"2019-01-31T21:11:18","guid":{"rendered":"http:\/\/www.radiodigitaltamazunchale.com\/landing\/?p=20944"},"modified":"2019-01-31T15:11:19","modified_gmt":"2019-01-31T21:11:19","slug":"gobierno-del-estado-se-prepara-para-recibir-a-caravana-de-migrantes","status":"publish","type":"post","link":"http:\/\/www.radiodigitaltamazunchale.com\/landing\/uncategorized\/gobierno-del-estado-se-prepara-para-recibir-a-caravana-de-migrantes\/","title":{"rendered":"GOBIERNO DEL ESTADO SE PREPARA PARA RECIBIR A CARAVANA DE MIGRANTES"},"content":{"rendered":"\n<p>En reuni\u00f3n interinstitucional Presidida por\nel Secretario General de Gobierno, Alejandro Leal Tov\u00edas y representantes\nconsulares de pa\u00edses centroamericanos, se conform\u00f3 la estrategia para recibir\nde manera humanitaria a los extranjeros que buscan llegar a la frontera norte.<\/p>\n\n\n\n<p>El funcionario estatal indic\u00f3 que esta mesa\nde trabajo tiene como objetivo sentar las bases conjuntas para recibir y\natender en su paso por San Luis Potos\u00ed a una nueva caravana de migrantes\ncentroamericanos que se dirigen a la frontera con los Estados Unidos. <\/p>\n\n\n\n<p>El secretario general de gobierno, Alejandro\nLeal Tov\u00edas inform\u00f3 que la caravana en menci\u00f3n est\u00e1 conformada por mil 45\nvarones, 318 mujeres, as\u00ed como 425 menores, entre ni\u00f1as y ni\u00f1os, en total, 2\nmil 300 personas que partieron de la Ciudad de M\u00e9xico.<\/p>\n\n\n\n<p>En un operativo interinstitucional y\nmultidisciplinario, el Gobierno del Estado ha dispuesto otorgarles servicios de\nseguridad, salud y alimentaci\u00f3n necesarios para que las mujeres, ni\u00f1as y ni\u00f1os,\nas\u00ed como adultos mayores que integran la caravana vean cubiertas sus\nnecesidades en estos aspectos.<\/p>\n\n\n\n<p>La Secretar\u00eda de Seguridad P\u00fablica del Estado\n(SSPE), Protecci\u00f3n Civil (PC), el Instituto de Migraci\u00f3n y Enlace Internacional\n(IMEI), servicios de salud de San Luis, entre otras dependencias estatales\nestar\u00e1n coordinadas en forma permanente con instancias como la fiscal\u00eda estatal\ny el ayuntamiento de la capital.<\/p>\n\n\n\n<p>Se prev\u00e9 que esta nueva caravana que se\nencuentra en estos momentos por incursionar en Quer\u00e9taro y arribe este viernes\na territorio potosino y espec\u00edficamente a la capital potosina este viernes. <\/p>\n\n\n\n<p>Las distintas instancias preparan sitios de\nalojamiento o albergue, as\u00ed como el servicio de comedor que estar\u00e1 a cargo del\nEj\u00e9rcito mexicano.&nbsp; <\/p>\n\n\n\n<p>El comit\u00e9 interdisciplinario se declara en\nsesi\u00f3n y comunicaci\u00f3n permanente a fin de delinear, atender y dar seguimiento a\nlas distintas vertientes de acci\u00f3n que sean instrumentadas para que el trayecto\nde los centroamericanos sea seguro, y cuenten con los servicios de atenci\u00f3n\nm\u00e9dico hospitalaria requeridos.<\/p>\n\n\n\n<p>Estuvieron presentes Enrique Malacara\nMart\u00ednez titular de IMEI; los secretarios generales de los ayuntamientos de San\nLuis Potos\u00ed y Soledad de Graciano S\u00e1nchez, Sebasti\u00e1n P\u00e9rez Garc\u00eda y Yoloxochitl D\u00edaz L\u00f3pez respectivamente; el c\u00f3nsul de El\nSalvador, Milton Atil Chinchilla Peraza; por Guatemala, H\u00e9ctor Sipac Cuin; y\nrepresentaci\u00f3n de Honduras. <\/p>\n\n\n\n<p>Adem\u00e1s de integrantes del DIF Estatal, Cruz\nRoja Mexicana delegaci\u00f3n San Luis Potos\u00ed, Servicios de Salud, Sociedad Civil,\nCasa del Migrante, Comisiones Estatal y Nacional de Derechos Humano, CEEAV, INM\nfederal, Polic\u00eda Federal y SEDENA. <\/p>\n","protected":false},"excerpt":{"rendered":"<p>En reuni\u00f3n interinstitucional Presidida por el Secretario General de Gobierno, Alejandro Leal Tov\u00edas y representantes consulares de pa\u00edses centroamericanos, se<\/p>\n","protected":false},"author":2,"featured_media":20945,"comment_status":"open","ping_status":"open","sticky":false,"template":"","format":"standard","meta":[],"categories":[1],"tags":[],"_links":{"self":[{"href":"http:\/\/www.radiodigitaltamazunchale.com\/landing\/wp-json\/wp\/v2\/posts\/20944"}],"collection":[{"href":"http:\/\/www.radiodigitaltamazunchale.com\/landing\/wp-json\/wp\/v2\/posts"}],"about":[{"href":"http:\/\/www.radiodigitaltamazunchale.com\/landing\/wp-json\/wp\/v2\/types\/post"}],"author":[{"embeddable":true,"href":"http:\/\/www.radiodigitaltamazunchale.com\/landing\/wp-json\/wp\/v2\/users\/2"}],"replies":[{"embeddable":true,"href":"http:\/\/www.radiodigitaltamazunchale.com\/landing\/wp-json\/wp\/v2\/comments?post=20944"}],"version-history":[{"count":1,"href":"http:\/\/www.radiodigitaltamazunchale.com\/landing\/wp-json\/wp\/v2\/posts\/20944\/revisions"}],"predecessor-version":[{"id":20946,"href":"http:\/\/www.radiodigitaltamazunchale.com\/landing\/wp-json\/wp\/v2\/posts\/20944\/revisions\/20946"}],"wp:featuredmedia":[{"embeddable":true,"href":"http:\/\/www.radiodigitaltamazunchale.com\/landing\/wp-json\/wp\/v2\/media\/20945"}],"wp:attachment":[{"href":"http:\/\/www.radiodigitaltamazunchale.com\/landing\/wp-json\/wp\/v2\/media?parent=20944"}],"wp:term":[{"taxonomy":"category","embeddable":true,"href":"http:\/\/www.radiodigitaltamazunchale.com\/landing\/wp-json\/wp\/v2\/categories?post=20944"},{"taxonomy":"post_tag","embeddable":true,"href":"http:\/\/www.radiodigitaltamazunchale.com\/landing\/wp-json\/wp\/v2\/tags?post=20944"}],"curies":[{"name":"wp","href":"https:\/\/api.w.org\/{rel}","templated":true}]}}