{"id":20963,"date":"2019-01-31T17:16:48","date_gmt":"2019-01-31T23:16:48","guid":{"rendered":"http:\/\/www.radiodigitaltamazunchale.com\/landing\/?p=20963"},"modified":"2019-01-31T17:16:49","modified_gmt":"2019-01-31T23:16:49","slug":"acuerda-comision-de-educacion-seguir-analisis-para-crear-la-nueva-ley-de-promocion-y-desarrollo-del-arte-cinematografico-se-medira-impacto-presupuestal-y-politicas-publicas-que-la-respalden","status":"publish","type":"post","link":"http:\/\/www.radiodigitaltamazunchale.com\/landing\/uncategorized\/acuerda-comision-de-educacion-seguir-analisis-para-crear-la-nueva-ley-de-promocion-y-desarrollo-del-arte-cinematografico-se-medira-impacto-presupuestal-y-politicas-publicas-que-la-respalden\/","title":{"rendered":"ACUERDA COMISI\u00d3N DE EDUCACI\u00d3N SEGUIR AN\u00c1LISIS PARA CREAR LA NUEVA LEY DE PROMOCI\u00d3N Y DESARROLLO DEL ARTE CINEMATOGR\u00c1FICO; SE MEDIR\u00c1 IMPACTO PRESUPUESTAL Y POL\u00cdTICAS P\u00daBLICAS QUE LA RESPALDEN"},"content":{"rendered":"\n<p><strong>SE\nAPROB\u00d3 LA INICIATIVA DE REFORMA A LA LEY DE PROTECCI\u00d3N DEL PATRIMONIO CULTURAL\nPARA EL ESTADO DE SAN LUIS POTOSI<\/strong><\/p>\n\n\n\n<p>La Comisi\u00f3n de Educaci\u00f3n, Cultura, Ciencia y Tecnolog\u00eda\ndetermin\u00f3 seguir con el an\u00e1lisis de la iniciativa para crear la Ley de\nPromoci\u00f3n y Desarrollo del Arte Cinematogr\u00e1fico, para evaluar el impacto\npresupuestal que tendr\u00eda, adem\u00e1s de que deber\u00e1 ser acompa\u00f1ada de pol\u00edticas\np\u00fablicas que respalden su funcionamiento, inform\u00f3 la presidenta diputada Mar\u00eda\ndel Consuelo Carmona Salas.<\/p>\n\n\n\n<p>Los legisladores escucharon al ciudadano Omar Velducea\nque present\u00f3 argumentos a favor de la iniciativa, basados en la necesidad de\npromover el apoyo a los realizadores de cine que en la actualidad tienen que ir\na otras entidades o pa\u00edses en busca de oportunidades, as\u00ed como el impacto\necon\u00f3mico y tur\u00edstico que tendr\u00eda San Luis Potos\u00ed.<\/p>\n\n\n\n<p>Qued\u00f3 claro que la propuesta de crear un ordenamiento\npara regular la promoci\u00f3n y desarrollo del arte cinematogr\u00e1fico en la entidad,\ntiene que ver con una atribuci\u00f3n federal porque la Constituci\u00f3n Pol\u00edtica de los\nEstados Unidos Mexicanos se\u00f1ala que corresponde al Congreso de la Uni\u00f3n,\nregular todo lo relacionado con la industria cinematogr\u00e1fica.<\/p>\n\n\n\n<p>Hay diversas atribuciones para la Secretar\u00eda de Cultura\ndel Estado, como organizar festivales, muestras, cert\u00e1menes u otras actividades\nrelacionadas con la promoci\u00f3n y exhibici\u00f3n de pel\u00edculas locales, nacionales y\nextranjeras, mismas que actualmente ya se llevan a cabo.<\/p>\n\n\n\n<p>Se vot\u00f3 positivamente la iniciativa que propone reformar\nla Ley de Protecci\u00f3n del Patrimonio Cultural para el Estado, para incluir las\nobras literarias de gran significado cultural y social para el Estado y se vot\u00f3\nen <\/p>\n\n\n\n<p>sentido negativo una iniciativa a la Ley para el\nDesarrollo Econ\u00f3mico Sustentable y la Competitividad.<\/p>\n\n\n\n<p>Tampoco procedi\u00f3 la iniciativa que plantea reformar el\nart\u00edculo 10 en su p\u00e1rrafo primero de la Constituci\u00f3n Pol\u00edtica del Estado, por\nestar ya las disposiciones en la Ley de Educaci\u00f3n, consistentes en que todas\nlas personas tienen el derecho de recibir la educaci\u00f3n.<\/p>\n\n\n\n<p>Los diputados rechazaron un punto de acuerdo para\nexhortar al Poder Ejecutivo, para que a trav\u00e9s de la Secretar\u00eda de Educaci\u00f3n y\nProtecci\u00f3n Civil, a que emita lineamientos para que en los centros educativos\ndel estado se instale malla electrificada para prevenir el robo y proteger los\nbienes inmuebles, as\u00ed como el material did\u00e1ctico y equipos de c\u00f3mputo de los\nmismos.<\/p>\n\n\n\n<p>El motivo fue porque no se tiene una evaluaci\u00f3n del\nimpacto presupuestario en t\u00e9rminos del art\u00edculo 19 de la Ley de Presupuesto y\nResponsabilidad Hacendaria para el Estado y Municipios de San Luis Potos\u00ed.<\/p>\n\n\n\n<p>La Comisi\u00f3n de Educaci\u00f3n es presidida por la diputada\nMar\u00eda del Consuelo Carmona Salas, la vicepresidenta es la diputada Martha Barajas\nGarc\u00eda, el secretario el diputado Mario L\u00e1rraga Delgado y los vocales diputados\nPedro C\u00e9sar Carrizales Becerra, Eugenio Guadalupe Govea Arcos, C\u00e1ndido Ochoa\nRojas y Ricardo Villarreal Loo.<\/p>\n","protected":false},"excerpt":{"rendered":"<p>SE APROB\u00d3 LA INICIATIVA DE REFORMA A LA LEY DE PROTECCI\u00d3N DEL PATRIMONIO CULTURAL PARA EL ESTADO DE SAN LUIS<\/p>\n","protected":false},"author":2,"featured_media":20964,"comment_status":"open","ping_status":"open","sticky":false,"template":"","format":"standard","meta":[],"categories":[1],"tags":[],"_links":{"self":[{"href":"http:\/\/www.radiodigitaltamazunchale.com\/landing\/wp-json\/wp\/v2\/posts\/20963"}],"collection":[{"href":"http:\/\/www.radiodigitaltamazunchale.com\/landing\/wp-json\/wp\/v2\/posts"}],"about":[{"href":"http:\/\/www.radiodigitaltamazunchale.com\/landing\/wp-json\/wp\/v2\/types\/post"}],"author":[{"embeddable":true,"href":"http:\/\/www.radiodigitaltamazunchale.com\/landing\/wp-json\/wp\/v2\/users\/2"}],"replies":[{"embeddable":true,"href":"http:\/\/www.radiodigitaltamazunchale.com\/landing\/wp-json\/wp\/v2\/comments?post=20963"}],"version-history":[{"count":1,"href":"http:\/\/www.radiodigitaltamazunchale.com\/landing\/wp-json\/wp\/v2\/posts\/20963\/revisions"}],"predecessor-version":[{"id":20965,"href":"http:\/\/www.radiodigitaltamazunchale.com\/landing\/wp-json\/wp\/v2\/posts\/20963\/revisions\/20965"}],"wp:featuredmedia":[{"embeddable":true,"href":"http:\/\/www.radiodigitaltamazunchale.com\/landing\/wp-json\/wp\/v2\/media\/20964"}],"wp:attachment":[{"href":"http:\/\/www.radiodigitaltamazunchale.com\/landing\/wp-json\/wp\/v2\/media?parent=20963"}],"wp:term":[{"taxonomy":"category","embeddable":true,"href":"http:\/\/www.radiodigitaltamazunchale.com\/landing\/wp-json\/wp\/v2\/categories?post=20963"},{"taxonomy":"post_tag","embeddable":true,"href":"http:\/\/www.radiodigitaltamazunchale.com\/landing\/wp-json\/wp\/v2\/tags?post=20963"}],"curies":[{"name":"wp","href":"https:\/\/api.w.org\/{rel}","templated":true}]}}