{"id":20997,"date":"2019-02-01T11:26:04","date_gmt":"2019-02-01T17:26:04","guid":{"rendered":"http:\/\/www.radiodigitaltamazunchale.com\/landing\/?p=20997"},"modified":"2019-02-01T11:26:05","modified_gmt":"2019-02-01T17:26:05","slug":"realizaron-toma-de-protesta-del-consejo-de-desarrollo-social-municipal-en-axtla-de-terrazas","status":"publish","type":"post","link":"http:\/\/www.radiodigitaltamazunchale.com\/landing\/uncategorized\/realizaron-toma-de-protesta-del-consejo-de-desarrollo-social-municipal-en-axtla-de-terrazas\/","title":{"rendered":"REALIZAR\u00d3N TOMA DE PROTESTA DEL CONSEJO DE DESARROLLO SOCIAL MUNICIPAL EN AXTLA DE TERRAZAS"},"content":{"rendered":"\n<p>  Axtla\u00a0.-Se llev\u00f3 acabo la Toma de protesta del Consejo de Desarrollo Social Municipal 2019 \u2013 2021 en el casino municipal este jueves el cual se form\u00f3 en base a la democracia libre de cada localidad con la finalidad de trasparentar y guiar los destinos de las obras sociales en donde sean de mayor prioridad y con la mayor calidad.\u00a0<br>\u201cTrabajaremos hombro a hombro en este nuevo gobierno que ser\u00e1 de puertas abiertas donde ustedes ser\u00e1n parte importante para el desarrollo del municipio y para las decisiones que se tomaran para destinar las obras prioritarias que son importantes en cada una de las localidades las cuales estar\u00e1n supervisadas por su servidor para que sean de buena calidad y se ejecuten en tiempo y forma.\u201d coment\u00f3 el alcalde Lic. Jovanny Ram\u00f3n.\u00a0<br>En la reuni\u00f3n estuvieron presentes el Presidente Municipal Jovanny Ram\u00f3n, la Regidora Lic. Guadalupe Mart\u00ednez Rodr\u00edguez, la Regidora Griselda Pozos Grijalva, el Lic. Benito Cruz Caballero Secretario General, La Tesorera Municipal C.P Yolanda Maldonado Guti\u00e9rrez, el Lic. Ra\u00fal Espinoza Sastre Director Obras P\u00fablicas, el Contador P\u00fablico Venustiano Correa Correa Director de la Coordinaci\u00f3n de Desarrollo Social, el representante de SEDESOR Alfredo Villeda Najera y consejeros de diferentes comunidades del municipio.\u00a0<br>La toma de protesta de los nuevos consejeros de desarrollo municipal fue a cargo de Alfredo Villeda Najera Representante de SEDESOR y se culmin\u00f3 la reuni\u00f3n seg\u00fan el orden del d\u00eda con la clausura de la sesi\u00f3n.  <\/p>\n","protected":false},"excerpt":{"rendered":"<p>Axtla\u00a0.-Se llev\u00f3 acabo la Toma de protesta del Consejo de Desarrollo Social Municipal 2019 \u2013 2021 en el casino municipal<\/p>\n","protected":false},"author":2,"featured_media":20999,"comment_status":"open","ping_status":"open","sticky":false,"template":"","format":"standard","meta":[],"categories":[1],"tags":[],"_links":{"self":[{"href":"http:\/\/www.radiodigitaltamazunchale.com\/landing\/wp-json\/wp\/v2\/posts\/20997"}],"collection":[{"href":"http:\/\/www.radiodigitaltamazunchale.com\/landing\/wp-json\/wp\/v2\/posts"}],"about":[{"href":"http:\/\/www.radiodigitaltamazunchale.com\/landing\/wp-json\/wp\/v2\/types\/post"}],"author":[{"embeddable":true,"href":"http:\/\/www.radiodigitaltamazunchale.com\/landing\/wp-json\/wp\/v2\/users\/2"}],"replies":[{"embeddable":true,"href":"http:\/\/www.radiodigitaltamazunchale.com\/landing\/wp-json\/wp\/v2\/comments?post=20997"}],"version-history":[{"count":1,"href":"http:\/\/www.radiodigitaltamazunchale.com\/landing\/wp-json\/wp\/v2\/posts\/20997\/revisions"}],"predecessor-version":[{"id":21000,"href":"http:\/\/www.radiodigitaltamazunchale.com\/landing\/wp-json\/wp\/v2\/posts\/20997\/revisions\/21000"}],"wp:featuredmedia":[{"embeddable":true,"href":"http:\/\/www.radiodigitaltamazunchale.com\/landing\/wp-json\/wp\/v2\/media\/20999"}],"wp:attachment":[{"href":"http:\/\/www.radiodigitaltamazunchale.com\/landing\/wp-json\/wp\/v2\/media?parent=20997"}],"wp:term":[{"taxonomy":"category","embeddable":true,"href":"http:\/\/www.radiodigitaltamazunchale.com\/landing\/wp-json\/wp\/v2\/categories?post=20997"},{"taxonomy":"post_tag","embeddable":true,"href":"http:\/\/www.radiodigitaltamazunchale.com\/landing\/wp-json\/wp\/v2\/tags?post=20997"}],"curies":[{"name":"wp","href":"https:\/\/api.w.org\/{rel}","templated":true}]}}