{"id":21017,"date":"2019-02-01T15:37:41","date_gmt":"2019-02-01T21:37:41","guid":{"rendered":"http:\/\/www.radiodigitaltamazunchale.com\/landing\/?p=21017"},"modified":"2019-02-01T15:37:42","modified_gmt":"2019-02-01T21:37:42","slug":"la-jucopo-reinstala-a-sub-coordinadora-de-servicios-internos-y-ratifica-cambio-en-la-coordinacion-juridica","status":"publish","type":"post","link":"http:\/\/www.radiodigitaltamazunchale.com\/landing\/uncategorized\/la-jucopo-reinstala-a-sub-coordinadora-de-servicios-internos-y-ratifica-cambio-en-la-coordinacion-juridica\/","title":{"rendered":"LA JUCOPO REINSTALA A SUB COORDINADORA DE SERVICIOS INTERNOS Y RATIFICA CAMBIO EN LA COORDINACI\u00d3N JUR\u00cdDICA"},"content":{"rendered":"\n<p><strong>Instruye a la oficialia mayor a canalizar a instancias ejecutivas las solicitudes de apoyo que recibe, porque en el poder legislativo no hay recursos para su atencion.<\/strong><\/p>\n\n\n\n<p>La Junta de Coordinaci\u00f3n Pol\u00edtica (JUCOPO) acord\u00f3 por\nmayor\u00eda reinstalar a la licenciada Am\u00e9rica Liliana Loera Guti\u00e9rrez como sub\ncoordinadora de Servicios Internos del Congreso del Estado y design\u00f3 al doctor\nNo\u00e9 Yahir L\u00f3pez Garc\u00eda como coordinador jur\u00eddico en sustituci\u00f3n del licenciado\nRoy Gonz\u00e1lez Padilla, cuya baja se ratific\u00f3.<\/p>\n\n\n\n<p>El vicepresidente de la JUCOPO diputado Rolando Hervert\nLara inform\u00f3 lo anterior y dijo que asimismo se instruy\u00f3 a la Oficial Mayor\nMarcelina Oviedo Oviedo, a que atienda y canalice a las instancias\ncorrespondientes, todas las solicitudes de apoyo que lleguen al Congreso del\nEstado, porque no hay presupuesto de gestor\u00eda y lamentablemente no se podr\u00e1\notorgar ayuda a nadie.<\/p>\n\n\n\n<p>\u201cComo ya lo hab\u00edamos dicho hace unos d\u00edas, est\u00e1bamos a la\nespera de las pruebas que acreditaran la p\u00e9rdida de confianza que se argument\u00f3\npara despedir a la licenciada Am\u00e9rica Loera, que se basaban en criterios utilizados\npara la asignaci\u00f3n de veh\u00edculos a los diputados por modelo, kilometraje y\ndestino\u201d, expuso.<\/p>\n\n\n\n<p>Debido a que no fue contundente el argumento, se decidi\u00f3\nla reinstalaci\u00f3n de la funcionaria con todos sus derechos laborales adquiridos,\nde tal suerte que de inmediato deber\u00e1 reincorporarse a sus funciones, \u201caqu\u00ed\ntodo lo hacemos con apego a la ley, de forma transparente, como debe ser\u201d.<\/p>\n\n\n\n<p>El legislador Hervert Lara expuso que en el caso del\ncoordinador Jur\u00eddico Roy Gonz\u00e1lez se ratific\u00f3 su remoci\u00f3n y se lleg\u00f3 a una\nnegociaci\u00f3n para la nueva propuesta que recay\u00f3 en No\u00e9 Yahir L\u00f3pez, nombramiento\nque deber\u00e1 someterse a votaci\u00f3n del pleno en la pr\u00f3xima sesi\u00f3n ordinaria.<\/p>\n\n\n\n<p>En el caso de las solicitudes de donativos que llegan al\nPoder Legislativo de particulares, escuelas, asociaciones civiles, etc\u00e9tera,\nlos integrantes de la JUCOPO instruyeron a la Oficial Mayor para que las\natienda y canalice a instancias ejecutivas como IMSS, ISSSTE, Gobierno del\nEstado y no las turne m\u00e1s a la Comisi\u00f3n, \u201cporque no tiene caso que las\nrevisemos si de antemano sabemos que no hay recursos para apoyarlas\u201d.<strong><\/strong><\/p>\n\n\n\n<p><\/p>\n","protected":false},"excerpt":{"rendered":"<p>Instruye a la oficialia mayor a canalizar a instancias ejecutivas las solicitudes de apoyo que recibe, porque en el poder<\/p>\n","protected":false},"author":2,"featured_media":21018,"comment_status":"open","ping_status":"open","sticky":false,"template":"","format":"standard","meta":[],"categories":[1],"tags":[],"_links":{"self":[{"href":"http:\/\/www.radiodigitaltamazunchale.com\/landing\/wp-json\/wp\/v2\/posts\/21017"}],"collection":[{"href":"http:\/\/www.radiodigitaltamazunchale.com\/landing\/wp-json\/wp\/v2\/posts"}],"about":[{"href":"http:\/\/www.radiodigitaltamazunchale.com\/landing\/wp-json\/wp\/v2\/types\/post"}],"author":[{"embeddable":true,"href":"http:\/\/www.radiodigitaltamazunchale.com\/landing\/wp-json\/wp\/v2\/users\/2"}],"replies":[{"embeddable":true,"href":"http:\/\/www.radiodigitaltamazunchale.com\/landing\/wp-json\/wp\/v2\/comments?post=21017"}],"version-history":[{"count":1,"href":"http:\/\/www.radiodigitaltamazunchale.com\/landing\/wp-json\/wp\/v2\/posts\/21017\/revisions"}],"predecessor-version":[{"id":21019,"href":"http:\/\/www.radiodigitaltamazunchale.com\/landing\/wp-json\/wp\/v2\/posts\/21017\/revisions\/21019"}],"wp:featuredmedia":[{"embeddable":true,"href":"http:\/\/www.radiodigitaltamazunchale.com\/landing\/wp-json\/wp\/v2\/media\/21018"}],"wp:attachment":[{"href":"http:\/\/www.radiodigitaltamazunchale.com\/landing\/wp-json\/wp\/v2\/media?parent=21017"}],"wp:term":[{"taxonomy":"category","embeddable":true,"href":"http:\/\/www.radiodigitaltamazunchale.com\/landing\/wp-json\/wp\/v2\/categories?post=21017"},{"taxonomy":"post_tag","embeddable":true,"href":"http:\/\/www.radiodigitaltamazunchale.com\/landing\/wp-json\/wp\/v2\/tags?post=21017"}],"curies":[{"name":"wp","href":"https:\/\/api.w.org\/{rel}","templated":true}]}}