{"id":21020,"date":"2019-02-01T15:43:08","date_gmt":"2019-02-01T21:43:08","guid":{"rendered":"http:\/\/www.radiodigitaltamazunchale.com\/landing\/?p=21020"},"modified":"2019-02-01T15:43:10","modified_gmt":"2019-02-01T21:43:10","slug":"el-grupo-parlamentario-del-pri-adecuara-su-agenda-legislativa-en-cada-periodo-de-sesiones-para-actualizarla-a-las-necesidades-reales-de-los-ciudadanos-anuncia-su-coordinador-diputado-mauricio-ramire","status":"publish","type":"post","link":"http:\/\/www.radiodigitaltamazunchale.com\/landing\/uncategorized\/el-grupo-parlamentario-del-pri-adecuara-su-agenda-legislativa-en-cada-periodo-de-sesiones-para-actualizarla-a-las-necesidades-reales-de-los-ciudadanos-anuncia-su-coordinador-diputado-mauricio-ramire\/","title":{"rendered":"EL GRUPO PARLAMENTARIO DEL PRI ADECUARA SU AGENDA LEGISLATIVA EN CADA PERIODO DE SESIONES, PARA ACTUALIZARLA A LAS NECESIDADES REALES DE LOS CIUDADANOS, ANUNCIA SU COORDINADOR DIPUTADO MAURICIO RAMIREZ KONISHI"},"content":{"rendered":"\n<p><strong>-El pr\u00f3ximo martes detallar\u00e1 el contendio de la agenda que se adecuar\u00e1 a las presentadas por el pri en la c\u00e1mara de senadores y de diputados<\/strong><\/p>\n\n\n\n<p>El Grupo Parlamentario del Partido Revolucionario\nInstitucional actualizar\u00e1 su agenda legislativa en cada periodo ordinario de\nsesiones y el pr\u00f3ximo martes dar\u00e1 a conocer los temas que abordar\u00e1, para luego\nempatarlos con una agenda de trabajo com\u00fan de toda la Legislatura, dijo el\ncoordinador diputado Mauricio Ram\u00edrez Konishi.<\/p>\n\n\n\n<p>Inform\u00f3 que la agenda no se hab\u00eda presentado con\nanterioridad debido a que esperaron a que primero dieran a conocer sus propias\nagendas los grupos parlamentarios pri\u00edstas en la C\u00e1mara de Senadores y en la\nC\u00e1mara de Diputados, ya que es importante aterrizar en San Luis algunos de los\ntemas principales.<\/p>\n\n\n\n<p>\u201cNuestra agenda tambi\u00e9n se alimenta de esos temas\nnacionales y tiene que ver con ejes nacionales relacionados al desarrollo\necon\u00f3mico, social y pol\u00edtico, se deben retomar los programas que fueron\ncancelados como el Seguro Popular, los subsidios del campo, hay que atender la\neducaci\u00f3n, la salud y la movilidad, entre otros\u201d.<\/p>\n\n\n\n<p>El diputado Ram\u00edrez Konishi dijo que en el caso de temas\ncontroversiales como el matrimonio igualitario y el aborto, no es necesario que\nun Grupo Parlamentario los fije en su agenda porque ya est\u00e1n en la ley,\nsimplemente se debe acatar la disposici\u00f3n que corresponda y el PRI siempre\npugnar\u00e1 a favor de la legalidad.<\/p>\n\n\n\n<p>Entre los temas que impulsar\u00e1, dijo, se encuentra la\ncreaci\u00f3n de un C\u00f3digo de \u00c9tica que permita darle orden al Congreso del Estado,\npues m\u00e1s que sanciones lo que se requiere es respeto por la instituci\u00f3n y\navanzar en el trabajo para que los ciudadanos puedan constatar que se est\u00e1\ntrabajando con responsabilidad.<\/p>\n\n\n\n<p>\u201cHemos tomado la decisi\u00f3n de actualizar la agenda\nlegislativa al inicio de cada periodo, independientemente de la general que\npresentamos en septiembre del a\u00f1o pasado y coincidimos en que, una vez que\ntodos los grupos parlamentarios presenten sus agendas, integrar una con la\ncoincidencias y asuntos importantes para los ciudadanos\u201d, puntualiz\u00f3.<\/p>\n","protected":false},"excerpt":{"rendered":"<p>-El pr\u00f3ximo martes detallar\u00e1 el contendio de la agenda que se adecuar\u00e1 a las presentadas por el pri en la<\/p>\n","protected":false},"author":2,"featured_media":21021,"comment_status":"open","ping_status":"open","sticky":false,"template":"","format":"standard","meta":[],"categories":[1],"tags":[],"_links":{"self":[{"href":"http:\/\/www.radiodigitaltamazunchale.com\/landing\/wp-json\/wp\/v2\/posts\/21020"}],"collection":[{"href":"http:\/\/www.radiodigitaltamazunchale.com\/landing\/wp-json\/wp\/v2\/posts"}],"about":[{"href":"http:\/\/www.radiodigitaltamazunchale.com\/landing\/wp-json\/wp\/v2\/types\/post"}],"author":[{"embeddable":true,"href":"http:\/\/www.radiodigitaltamazunchale.com\/landing\/wp-json\/wp\/v2\/users\/2"}],"replies":[{"embeddable":true,"href":"http:\/\/www.radiodigitaltamazunchale.com\/landing\/wp-json\/wp\/v2\/comments?post=21020"}],"version-history":[{"count":1,"href":"http:\/\/www.radiodigitaltamazunchale.com\/landing\/wp-json\/wp\/v2\/posts\/21020\/revisions"}],"predecessor-version":[{"id":21022,"href":"http:\/\/www.radiodigitaltamazunchale.com\/landing\/wp-json\/wp\/v2\/posts\/21020\/revisions\/21022"}],"wp:featuredmedia":[{"embeddable":true,"href":"http:\/\/www.radiodigitaltamazunchale.com\/landing\/wp-json\/wp\/v2\/media\/21021"}],"wp:attachment":[{"href":"http:\/\/www.radiodigitaltamazunchale.com\/landing\/wp-json\/wp\/v2\/media?parent=21020"}],"wp:term":[{"taxonomy":"category","embeddable":true,"href":"http:\/\/www.radiodigitaltamazunchale.com\/landing\/wp-json\/wp\/v2\/categories?post=21020"},{"taxonomy":"post_tag","embeddable":true,"href":"http:\/\/www.radiodigitaltamazunchale.com\/landing\/wp-json\/wp\/v2\/tags?post=21020"}],"curies":[{"name":"wp","href":"https:\/\/api.w.org\/{rel}","templated":true}]}}