{"id":21026,"date":"2019-02-01T16:01:48","date_gmt":"2019-02-01T22:01:48","guid":{"rendered":"http:\/\/www.radiodigitaltamazunchale.com\/landing\/?p=21026"},"modified":"2019-02-01T16:01:49","modified_gmt":"2019-02-01T22:01:49","slug":"la-lxii-legislatura-realizo-la-apertura-del-segundo-periodo-ordinario-de-sesiones-del-primer-ano-de-ejercicio-legal","status":"publish","type":"post","link":"http:\/\/www.radiodigitaltamazunchale.com\/landing\/uncategorized\/la-lxii-legislatura-realizo-la-apertura-del-segundo-periodo-ordinario-de-sesiones-del-primer-ano-de-ejercicio-legal\/","title":{"rendered":"LA LXII LEGISLATURA REALIZ\u00d3 LA APERTURA DEL SEGUNDO PERIODO ORDINARIO DE SESIONES DEL PRIMER A\u00d1O DE EJERCICIO LEGAL."},"content":{"rendered":"\n<p><strong>-Buscaremos impulsar una agenda com\u00fan entre las diferentes fracciones parlamentarias: Dip. Sonia Mendoza D\u00edaz.<\/strong><\/p>\n\n\n\n<p>Este viernes 1 de febrero, la LXII Legislatura del\nCongreso del Estado realiz\u00f3 la Apertura del Segundo Periodo Ordinario de\nSesiones, del Primer A\u00f1o de Ejercicio Legal.<\/p>\n\n\n\n<p>La sesi\u00f3n solemne de apertura, cont\u00f3 con la presencia del\ntitular de la Secretar\u00eda de Desarrollo Econ\u00f3mico, Gustavo Puente Orozco, como\nrepresentante del Poder Ejecutivo; y del Magistrado Juan Paulo Almaz\u00e1n Cu\u00e9,\nrepresentante del Poder Judicial.<\/p>\n\n\n\n<p>De acuerdo a la Constituci\u00f3n Pol\u00edtica del Estado, el\nSegundo Periodo Ordinario de Sesiones, inicia el 1 de febrero y concluye el 30\nde junio; en este Periodo, el Congreso del Estado se ocupar\u00e1, entre otros, de\nlos temas relacionados con la revisi\u00f3n de las cuentas p\u00fablicas de los Poderes\ndel Estado; de los municipios y de sus organismos descentralizados; de los\norganismos aut\u00f3nomos; y dem\u00e1s entidades auditables, relativas al a\u00f1o pr\u00f3ximo\nanterior.<\/p>\n\n\n\n<p>La diputada Sonia Mendoza D\u00edaz, presidenta de la\nDirectiva del Congreso del Estado, manifest\u00f3 que las comisiones legislativas\nest\u00e1n trabajando para sacar adelante las iniciativas y asuntos que tienen\npendientes, a fin de que sea discutido en el pleno durante estos trabajos.<\/p>\n\n\n\n<p>\u201cCreo que el trabajo institucional, el trabajo de las comisiones\nha ido avanzando, ahora que tuvimos receso vimos el trabajo de algunas\ncomisiones y la mayor\u00eda est\u00e1 a tambor batiente sacando lo m\u00e1s que se pueda de\ndict\u00e1menes; sin embargo, por supuesto que s\u00ed todav\u00eda hay comisiones retrasadas\na las cuales hemos invitado para que ya subsanen ese retraso y podamos sacar la\ncarga de trabajo que se nos dej\u00f3 de la anterior Legislatura y tambi\u00e9n las\niniciativas que ya se presentaron\u201d.<\/p>\n\n\n\n<p>Precis\u00f3 que se impulsar\u00e1 la construcci\u00f3n de una agenda\nlegislativa com\u00fan, de todos los grupos parlamentarios representados en esta\nLXII Legislatura, donde se atiendan los temas de inter\u00e9s de la sociedad.&nbsp; <\/p>\n\n\n\n<p>\u201cVoy a seguir insistiendo en que tengamos una agenda\ncom\u00fan y espero que en esta semana los grupos parlamentarios hagan llegar a la\nDirectiva su agenda y de que de ella podamos, junto con los coordinadores de\ncada fracci\u00f3n, hacer una agenda com\u00fan para que esa sea la l\u00ednea que se siga en\neste siguiente periodo\u201d.<\/p>\n\n\n\n<p>Reiter\u00f3 el llamado a las comisiones legislativas a\nmantener el trabajo, para sacar adelante los turnos pendientes y desahogar los\ndict\u00e1menes en el periodo ordinario que hoy inicia.<\/p>\n\n\n\n<p>Luego de realizar la Declaratoria de Apertura del Segundo\nPeriodo Ordinario, Primer A\u00f1o de Ejercicio Legal, la diputada Sonia Mendoza &nbsp;cit\u00f3 a Sesi\u00f3n Ordinaria para el pr\u00f3ximo jueves\n7 de febrero a las 10:00 horas, en el sal\u00f3n \u201cPonciano Arriaga Leija\u201d, de Jard\u00edn\nHidalgo 19.<\/p>\n","protected":false},"excerpt":{"rendered":"<p>-Buscaremos impulsar una agenda com\u00fan entre las diferentes fracciones parlamentarias: Dip. Sonia Mendoza D\u00edaz. Este viernes 1 de febrero, la<\/p>\n","protected":false},"author":2,"featured_media":21027,"comment_status":"open","ping_status":"open","sticky":false,"template":"","format":"standard","meta":[],"categories":[1],"tags":[],"_links":{"self":[{"href":"http:\/\/www.radiodigitaltamazunchale.com\/landing\/wp-json\/wp\/v2\/posts\/21026"}],"collection":[{"href":"http:\/\/www.radiodigitaltamazunchale.com\/landing\/wp-json\/wp\/v2\/posts"}],"about":[{"href":"http:\/\/www.radiodigitaltamazunchale.com\/landing\/wp-json\/wp\/v2\/types\/post"}],"author":[{"embeddable":true,"href":"http:\/\/www.radiodigitaltamazunchale.com\/landing\/wp-json\/wp\/v2\/users\/2"}],"replies":[{"embeddable":true,"href":"http:\/\/www.radiodigitaltamazunchale.com\/landing\/wp-json\/wp\/v2\/comments?post=21026"}],"version-history":[{"count":1,"href":"http:\/\/www.radiodigitaltamazunchale.com\/landing\/wp-json\/wp\/v2\/posts\/21026\/revisions"}],"predecessor-version":[{"id":21028,"href":"http:\/\/www.radiodigitaltamazunchale.com\/landing\/wp-json\/wp\/v2\/posts\/21026\/revisions\/21028"}],"wp:featuredmedia":[{"embeddable":true,"href":"http:\/\/www.radiodigitaltamazunchale.com\/landing\/wp-json\/wp\/v2\/media\/21027"}],"wp:attachment":[{"href":"http:\/\/www.radiodigitaltamazunchale.com\/landing\/wp-json\/wp\/v2\/media?parent=21026"}],"wp:term":[{"taxonomy":"category","embeddable":true,"href":"http:\/\/www.radiodigitaltamazunchale.com\/landing\/wp-json\/wp\/v2\/categories?post=21026"},{"taxonomy":"post_tag","embeddable":true,"href":"http:\/\/www.radiodigitaltamazunchale.com\/landing\/wp-json\/wp\/v2\/tags?post=21026"}],"curies":[{"name":"wp","href":"https:\/\/api.w.org\/{rel}","templated":true}]}}