{"id":21053,"date":"2019-02-02T10:09:53","date_gmt":"2019-02-02T16:09:53","guid":{"rendered":"http:\/\/www.radiodigitaltamazunchale.com\/landing\/?p=21053"},"modified":"2019-02-03T10:10:21","modified_gmt":"2019-02-03T16:10:21","slug":"asume-juan-ramiro-robledo-ruiz-presidencia-de-la-asociacion-de-magistrados-de-tribunales-de-justicia-administrativa-en-mexico","status":"publish","type":"post","link":"http:\/\/www.radiodigitaltamazunchale.com\/landing\/uncategorized\/asume-juan-ramiro-robledo-ruiz-presidencia-de-la-asociacion-de-magistrados-de-tribunales-de-justicia-administrativa-en-mexico\/","title":{"rendered":"ASUME JUAN RAMIRO ROBLEDO RUIZ PRESIDENCIA DE LA ASOCIACI\u00d3N DE MAGISTRADOS DE TRIBUNALES DE JUSTICIA ADMINISTRATIVA EN M\u00c9XICO ."},"content":{"rendered":"\n<p>Saltillo, Coahuila de Zaragoza.- El Magistrado Juan Ramiro Robledo\nRu\u00edz, tom\u00f3 protesta como Presidente de la Asociaci\u00f3n de Magistrados de\nTribunales de Justicia Administrativa de los Estados Unidos Mexicanos A.C. en\nel marco de la Asamblea Ordinaria.<\/p>\n\n\n\n<p>En esta oportunidad se reconoci\u00f3 la trayectoria p\u00fablica del\ntitular del tribunal de Justicia Administrativa potosina, as\u00ed como su\ncompromiso para fortalecer y consolidar el quehacer de esta importante tarea en\nel ejercicio de la transparencia.<\/p>\n\n\n\n<p>En el evento, al que tambi\u00e9n asistieron magistrados de tribunales\nadministrativos de 28 estados de la Rep\u00fablica, el magistrado Robledo Ruiz\nrindi\u00f3 un discurso en el que hizo \u00e9nfasis al compromiso en el nuevo encargo y\nen el que destac\u00f3 la importancia de la justicia administrativa en el pa\u00eds; y\nadem\u00e1s se comprometi\u00f3 a dar continuidad a los proyectos emprendidos por la Mesa\nDirectiva, que lo antecede.<\/p>\n\n\n\n<p>Robledo Ruiz felicit\u00f3 a la Dra. Yasm\u00edn Esquivel Mossa, presidenta\nhonoraria de la Asociaci\u00f3n de Magistrados de Tribunales de Justicia\nAdministrativa de los Estados Unidos Mexicanos A.C. quien forma parte de la\nterna enviada por el Presidente de M\u00e9xico, Andr\u00e9s Manuel L\u00f3pez Obrador, para\nocupar el cargo de Ministro de la Suprema Corte de Justicia de la Naci\u00f3n.<\/p>\n\n\n\n<p>En la Asamblea Ordinaria, tambi\u00e9n se nombr\u00f3 a la Magistrada\nPresidenta del Tribunal de Justicia Administrativa de Coahuila, Sandra\nRodr\u00edguez Wong como Presidenta de la Zona Norte de la Asociaci\u00f3n de Magistrados\nde Tribunales de Justicia Administrativa de los Estados Unidos Mexicanos A.C.<\/p>\n\n\n\n<p>Se cont\u00f3 con la presencia de la Dra.Yasm\u00edn Esquivel Mossa y la\nPresidenta del Sandra Rodr\u00edguez Wong acompa\u00f1adas de integrantes de la\nasociaci\u00f3n, se llev\u00f3 a cabo la votaci\u00f3n por lo miembros de la asociaci\u00f3n de los\nnuevos integrantes, al contarse con el qu\u00f3rum necesario para dicha ceremonia.<\/p>\n","protected":false},"excerpt":{"rendered":"<p>Saltillo, Coahuila de Zaragoza.- El Magistrado Juan Ramiro Robledo Ru\u00edz, tom\u00f3 protesta como Presidente de la Asociaci\u00f3n de Magistrados de<\/p>\n","protected":false},"author":2,"featured_media":21054,"comment_status":"open","ping_status":"open","sticky":false,"template":"","format":"standard","meta":[],"categories":[1],"tags":[],"_links":{"self":[{"href":"http:\/\/www.radiodigitaltamazunchale.com\/landing\/wp-json\/wp\/v2\/posts\/21053"}],"collection":[{"href":"http:\/\/www.radiodigitaltamazunchale.com\/landing\/wp-json\/wp\/v2\/posts"}],"about":[{"href":"http:\/\/www.radiodigitaltamazunchale.com\/landing\/wp-json\/wp\/v2\/types\/post"}],"author":[{"embeddable":true,"href":"http:\/\/www.radiodigitaltamazunchale.com\/landing\/wp-json\/wp\/v2\/users\/2"}],"replies":[{"embeddable":true,"href":"http:\/\/www.radiodigitaltamazunchale.com\/landing\/wp-json\/wp\/v2\/comments?post=21053"}],"version-history":[{"count":1,"href":"http:\/\/www.radiodigitaltamazunchale.com\/landing\/wp-json\/wp\/v2\/posts\/21053\/revisions"}],"predecessor-version":[{"id":21055,"href":"http:\/\/www.radiodigitaltamazunchale.com\/landing\/wp-json\/wp\/v2\/posts\/21053\/revisions\/21055"}],"wp:featuredmedia":[{"embeddable":true,"href":"http:\/\/www.radiodigitaltamazunchale.com\/landing\/wp-json\/wp\/v2\/media\/21054"}],"wp:attachment":[{"href":"http:\/\/www.radiodigitaltamazunchale.com\/landing\/wp-json\/wp\/v2\/media?parent=21053"}],"wp:term":[{"taxonomy":"category","embeddable":true,"href":"http:\/\/www.radiodigitaltamazunchale.com\/landing\/wp-json\/wp\/v2\/categories?post=21053"},{"taxonomy":"post_tag","embeddable":true,"href":"http:\/\/www.radiodigitaltamazunchale.com\/landing\/wp-json\/wp\/v2\/tags?post=21053"}],"curies":[{"name":"wp","href":"https:\/\/api.w.org\/{rel}","templated":true}]}}