{"id":21090,"date":"2019-02-03T15:36:08","date_gmt":"2019-02-03T21:36:08","guid":{"rendered":"http:\/\/www.radiodigitaltamazunchale.com\/landing\/?p=21090"},"modified":"2019-02-03T15:36:09","modified_gmt":"2019-02-03T21:36:09","slug":"slp-sede-de-la-xxxiii-convencion-anual-de-la-asociacion-nacional-de-empresas-de-agua-y-saneamiento","status":"publish","type":"post","link":"http:\/\/www.radiodigitaltamazunchale.com\/landing\/uncategorized\/slp-sede-de-la-xxxiii-convencion-anual-de-la-asociacion-nacional-de-empresas-de-agua-y-saneamiento\/","title":{"rendered":"SLP SEDE DE LA XXXIII CONVENCI\u00d3N ANUAL DE LA ASOCIACI\u00d3N NACIONAL DE EMPRESAS DE AGUA Y SANEAMIENTO"},"content":{"rendered":"\n<ul><li><strong>El evento se llevar\u00e1 a cabo del 11 al 15\nde noviembre del presente a\u00f1o.<\/strong><\/li><\/ul>\n\n\n\n<p>Juan Carlos\nValencia Vargas, Presidente de la Asociaci\u00f3n Nacional de Empresas de Agua y\nSaneamiento (ANEAS), se encuentra en San Luis Potos\u00ed con motivo de la\nplaneaci\u00f3n de su Trig\u00e9sima tercera convenci\u00f3n anual que se llevar\u00e1 a cabo en\nnoviembre del presente a\u00f1o y que congregar\u00e1 a m\u00e1s de 10 mil personas. <\/p>\n\n\n\n<p>En entrevista,\nValencia Vargas se\u00f1al\u00f3 que se eligi\u00f3 a San Luis Potos\u00ed como sede de entre\nvarios candidatos debido a su historial, por su experiencia y por la capacidad\nque tiene el estado no solo en el tema de recibir visitantes de todo el pa\u00eds,\nsino tambi\u00e9n por la experiencia que se tiene en materia hidr\u00e1ulica. <\/p>\n\n\n\n<p>Explic\u00f3 que la\nANEAS es una asociaci\u00f3n que agrupa a prestadores de servicios de agua potable,\ndrenaje y saneamiento p\u00fablicos, privados, municipales, estatales, as\u00ed como a\nproveedores de bienes y servicios, y que adem\u00e1s son casi 500 sistemas de agua\npotable del pa\u00eds que se encuentran asociados, y que brindan servicios a m\u00e1s de\n100 millones de mexicanos. <\/p>\n\n\n\n<p>Cabe destacar\nque esta convenci\u00f3n es la m\u00e1s grande e importante de Am\u00e9rica Latina en el tema\nde agua, por lo que Juan Carlos Valencia hizo una invitaci\u00f3n a todos los\norganismos operadores locales para que se preparen y sean part\u00edcipes de este\nmagno evento. <\/p>\n\n\n\n<p>Asimismo, agradeci\u00f3\nla hospitalidad del Gobernador del Estado, Juan Manuel Carreras L\u00f3pez, asegur\u00f3\nque se encuentran muy orgullosos de que San Luis Potos\u00ed sea la sede de este\nevento, sobre todo, de que haya resultado electo por sus caracter\u00edsticas tanto de\nlog\u00edstica e interconexi\u00f3n con otros estados, como por su amplia experiencia en\nel tema de agua potable, drenaje y saneamiento.<\/p>\n\n\n\n<p>Por su parte,\nJes\u00fas Alfonso Medina Salazar, dirigente de la Comisi\u00f3n Estatal del Agua asegur\u00f3\nque San Luis Potos\u00ed tiene proyectos de \u00e9xito en la materia; y que el estado se\nencuentra por encima de la media nacional con la puesta en marcha de la Planta\nTratadora de aguas residuales El Morro, ya que hasta el momento se tiene un 85%\nde cobertura de saneamiento de aguas residuales entubadas, por lo que est\u00e1\nconvencido de que esta convenci\u00f3n podr\u00eda ser detonante de nuevas inversiones, y\npuesta en marcha de importantes obras de infraestructura en donde participe\ntambi\u00e9n la iniciativa privada en coordinaci\u00f3n con los tres \u00f3rdenes de gobierno.<\/p>\n\n\n\n<p>\u201cQueremos que\nhaya una participaci\u00f3n nacional importante, que haya una participaci\u00f3n muy\nactiva de los 23 organismos operadores que hay en el estado y que se invite\ntambi\u00e9n a las direcciones de agua potable del municipio con la intenci\u00f3n de que\nsea un foro de promoci\u00f3n de todas las tecnolog\u00edas y que sea un encuentro de\ncapacitaci\u00f3n y de enriquecimiento de los conocimientos que tienen que ver con\ntemas h\u00eddricos\u201d, puntualiz\u00f3 el funcionario estatal. <\/p>\n","protected":false},"excerpt":{"rendered":"<p>El evento se llevar\u00e1 a cabo del 11 al 15 de noviembre del presente a\u00f1o. Juan Carlos Valencia Vargas, Presidente<\/p>\n","protected":false},"author":2,"featured_media":21091,"comment_status":"open","ping_status":"open","sticky":false,"template":"","format":"standard","meta":[],"categories":[1],"tags":[],"_links":{"self":[{"href":"http:\/\/www.radiodigitaltamazunchale.com\/landing\/wp-json\/wp\/v2\/posts\/21090"}],"collection":[{"href":"http:\/\/www.radiodigitaltamazunchale.com\/landing\/wp-json\/wp\/v2\/posts"}],"about":[{"href":"http:\/\/www.radiodigitaltamazunchale.com\/landing\/wp-json\/wp\/v2\/types\/post"}],"author":[{"embeddable":true,"href":"http:\/\/www.radiodigitaltamazunchale.com\/landing\/wp-json\/wp\/v2\/users\/2"}],"replies":[{"embeddable":true,"href":"http:\/\/www.radiodigitaltamazunchale.com\/landing\/wp-json\/wp\/v2\/comments?post=21090"}],"version-history":[{"count":1,"href":"http:\/\/www.radiodigitaltamazunchale.com\/landing\/wp-json\/wp\/v2\/posts\/21090\/revisions"}],"predecessor-version":[{"id":21092,"href":"http:\/\/www.radiodigitaltamazunchale.com\/landing\/wp-json\/wp\/v2\/posts\/21090\/revisions\/21092"}],"wp:featuredmedia":[{"embeddable":true,"href":"http:\/\/www.radiodigitaltamazunchale.com\/landing\/wp-json\/wp\/v2\/media\/21091"}],"wp:attachment":[{"href":"http:\/\/www.radiodigitaltamazunchale.com\/landing\/wp-json\/wp\/v2\/media?parent=21090"}],"wp:term":[{"taxonomy":"category","embeddable":true,"href":"http:\/\/www.radiodigitaltamazunchale.com\/landing\/wp-json\/wp\/v2\/categories?post=21090"},{"taxonomy":"post_tag","embeddable":true,"href":"http:\/\/www.radiodigitaltamazunchale.com\/landing\/wp-json\/wp\/v2\/tags?post=21090"}],"curies":[{"name":"wp","href":"https:\/\/api.w.org\/{rel}","templated":true}]}}