{"id":21109,"date":"2019-02-05T14:55:35","date_gmt":"2019-02-05T20:55:35","guid":{"rendered":"http:\/\/www.radiodigitaltamazunchale.com\/landing\/?p=21109"},"modified":"2019-02-05T14:55:36","modified_gmt":"2019-02-05T20:55:36","slug":"firman-convenio-de-colaboracion-icat-colectivo-kybernus-grupo-gr-y-el-ayuntamiento-de-matlapa","status":"publish","type":"post","link":"http:\/\/www.radiodigitaltamazunchale.com\/landing\/uncategorized\/firman-convenio-de-colaboracion-icat-colectivo-kybernus-grupo-gr-y-el-ayuntamiento-de-matlapa\/","title":{"rendered":"FIRMAN CONVENIO DE COLABORACI\u00d3N ICAT, COLECTIVO KYBERNUS, GRUPO GR Y EL AYUNTAMIENTO DE MATLAPA"},"content":{"rendered":"\n<p>Para impulsar el desarrollo de las familias\ncon actividades productivas en la Huasteca Potosina, el Instituto de\nCapacitaci\u00f3n para el Trabajo (ICAT), junto con Colectivo Kybernus, Grupo GR y\nel Ayuntamiento de Matlapa, firmaron un convenio de colaboraci\u00f3n con el que se beneficiar\u00e1\na jefas de familia en este municipio. <\/p>\n\n\n\n<p>Dicho convenio consiste en capacitaci\u00f3n en\nemprendimiento, liderazgo y uso de m\u00e1quinas de coser a cargo del ICAT y el\nColectivo Kybernus, por su parte Grupo GR donar\u00e1 las m\u00e1quinas de coser, esto\ncomo parte de un proyecto de desarrollo social para las familias de dicho\nmunicipio.<\/p>\n\n\n\n<p>En su intervenci\u00f3n el Director General del\nInstituto de Capacitaci\u00f3n para el Trabajo (ICAT), Jos\u00e9 Antonio Correa Estrada,\nagradeci\u00f3 la donaci\u00f3n y comento \u00abque espera este tipo de convenios se\npuedan extender a otras de las unidades que se encuentran en el estado, para\nfavorecer la capacitaci\u00f3n y que la poblaci\u00f3n pueda adquirir y desarrollar\nhabilidades que promuevan el autoempleo\u201d.<\/p>\n\n\n\n<p>Esta colaboraci\u00f3n pretende mejorar la\ncapacitaci\u00f3n de la poblaci\u00f3n en este Municipio, ya que con los conocimientos\nadquiridos pueden mejorar su nivel de ingresos.<\/p>\n\n\n\n<p>En el evento estuvieron presentes el Director\nGeneral del Instituto de Capacitaci\u00f3n para el Trabajo (ICAT), Jos\u00e9 Antonio\nCorrea Estrada, la Presidenta Municipal de Matlapa, Karina Rivera Obreg\u00f3n, la\nCoordinadora de Responsabilidad Social de Grupo GR, Margarita Gozalishvili\nBonchevy, el Presidente Nacional de Kybernus, Agust\u00edn Arcos Gamboa y el Enlace\nEstatal de Kybernus, Jes\u00fas Israel Monjar\u00e1s \u00c1vila.<\/p>\n","protected":false},"excerpt":{"rendered":"<p>Para impulsar el desarrollo de las familias con actividades productivas en la Huasteca Potosina, el Instituto de Capacitaci\u00f3n para el<\/p>\n","protected":false},"author":2,"featured_media":21110,"comment_status":"open","ping_status":"open","sticky":false,"template":"","format":"standard","meta":[],"categories":[1],"tags":[],"_links":{"self":[{"href":"http:\/\/www.radiodigitaltamazunchale.com\/landing\/wp-json\/wp\/v2\/posts\/21109"}],"collection":[{"href":"http:\/\/www.radiodigitaltamazunchale.com\/landing\/wp-json\/wp\/v2\/posts"}],"about":[{"href":"http:\/\/www.radiodigitaltamazunchale.com\/landing\/wp-json\/wp\/v2\/types\/post"}],"author":[{"embeddable":true,"href":"http:\/\/www.radiodigitaltamazunchale.com\/landing\/wp-json\/wp\/v2\/users\/2"}],"replies":[{"embeddable":true,"href":"http:\/\/www.radiodigitaltamazunchale.com\/landing\/wp-json\/wp\/v2\/comments?post=21109"}],"version-history":[{"count":1,"href":"http:\/\/www.radiodigitaltamazunchale.com\/landing\/wp-json\/wp\/v2\/posts\/21109\/revisions"}],"predecessor-version":[{"id":21111,"href":"http:\/\/www.radiodigitaltamazunchale.com\/landing\/wp-json\/wp\/v2\/posts\/21109\/revisions\/21111"}],"wp:featuredmedia":[{"embeddable":true,"href":"http:\/\/www.radiodigitaltamazunchale.com\/landing\/wp-json\/wp\/v2\/media\/21110"}],"wp:attachment":[{"href":"http:\/\/www.radiodigitaltamazunchale.com\/landing\/wp-json\/wp\/v2\/media?parent=21109"}],"wp:term":[{"taxonomy":"category","embeddable":true,"href":"http:\/\/www.radiodigitaltamazunchale.com\/landing\/wp-json\/wp\/v2\/categories?post=21109"},{"taxonomy":"post_tag","embeddable":true,"href":"http:\/\/www.radiodigitaltamazunchale.com\/landing\/wp-json\/wp\/v2\/tags?post=21109"}],"curies":[{"name":"wp","href":"https:\/\/api.w.org\/{rel}","templated":true}]}}