{"id":21113,"date":"2019-02-05T15:18:32","date_gmt":"2019-02-05T21:18:32","guid":{"rendered":"http:\/\/www.radiodigitaltamazunchale.com\/landing\/?p=21113"},"modified":"2019-02-05T15:18:33","modified_gmt":"2019-02-05T21:18:33","slug":"imes-ofrece-taller-de-contencion-emocional-a-integrantes-del-sepasevm","status":"publish","type":"post","link":"http:\/\/www.radiodigitaltamazunchale.com\/landing\/uncategorized\/imes-ofrece-taller-de-contencion-emocional-a-integrantes-del-sepasevm\/","title":{"rendered":"IMES OFRECE TALLER DE CONTENCI\u00d3N EMOCIONAL A INTEGRANTES DEL SEPASEVM"},"content":{"rendered":"\n<p>Erika Vel\u00e1zquez Guti\u00e9rrez titular del Instituto\nde las Mujeres del Estado (IMES), dio a conocer que se ofreci\u00f3 un taller de\n\u201cContenci\u00f3n Emocional\u201d para las y los trabajadores que integran el Sistema\nEstatal para Prevenir, Atender, Sancionar y Erradicar la Violencia contra las\nMujeres (SEPASEVM).<\/p>\n\n\n\n<p>La funcionaria estatal explic\u00f3 que el taller de\n\u201cContenci\u00f3n Emocional\u201d est\u00e1 dirigido a las y los profesionistas que laboran en\nlas dependencias gubernamentales, donde se ofrece atenci\u00f3n directa e\nindirectamente a las mujeres en situaci\u00f3n de violencia.<\/p>\n\n\n\n<p>Erika Vel\u00e1zquez dijo, que el taller de\n\u201cContenci\u00f3n Emocional\u201d tiene por objetivo que los participantes exploren a\ntrav\u00e9s de conversaciones y ejercicios, el impacto que tiene su trabajo con\nmujeres en situaci\u00f3n de violencia, as\u00ed como con el desgaste emocional como\nprofesionistas.<\/p>\n\n\n\n<p>Resalt\u00f3 que el taller tambi\u00e9n busca el\nbienestar de su cuerpo, su visi\u00f3n del mundo y el sentido de vida; adem\u00e1s de\nmanejar otras maneras de pensar, sentir y actuar para que el bienestar integral\nsea mayor y el desgaste menor al estar en contacto permanente con personas\nviolentadas.<\/p>\n\n\n\n<p>Vel\u00e1zquez Guti\u00e9rrez dijo que durante el\ntaller se abord\u00f3 la siguiente tem\u00e1tica: \u201cConstrucci\u00f3n de confianza\nintergrupal\u201d, \u201cFundamentos te\u00f3ricos que explican el estr\u00e9s y el desgaste\nprofesional\u201d, \u201cExploraci\u00f3n de la relaci\u00f3n bienestar\u201d, \u201cDesgaste de la persona\ncon su cuerpo, entorno social y visi\u00f3n de s\u00ed misma y del mundo\u201d y \u201cDesgaste de\nla persona con su sentido de vida\u201d.<\/p>\n\n\n\n<p>La titular del IMES coment\u00f3, que el taller se\nofreci\u00f3 durante tres sesiones, por el psic\u00f3logo Carlos \u00c1vila Pizzuto, a\nprofesionistas del Sistema Para el Desarrollo Integral de la Familia,\nSecretaria de Salud, Comisi\u00f3n Ejecutiva Estatal de Atenci\u00f3n a V\u00edctimas, Centro\nde Atenci\u00f3n Integral a Victimas y Centro de Justicia Para las Mujeres de la\ncapital y Rioverde.<\/p>\n","protected":false},"excerpt":{"rendered":"<p>Erika Vel\u00e1zquez Guti\u00e9rrez titular del Instituto de las Mujeres del Estado (IMES), dio a conocer que se ofreci\u00f3 un taller<\/p>\n","protected":false},"author":2,"featured_media":21114,"comment_status":"open","ping_status":"open","sticky":false,"template":"","format":"standard","meta":[],"categories":[1],"tags":[],"_links":{"self":[{"href":"http:\/\/www.radiodigitaltamazunchale.com\/landing\/wp-json\/wp\/v2\/posts\/21113"}],"collection":[{"href":"http:\/\/www.radiodigitaltamazunchale.com\/landing\/wp-json\/wp\/v2\/posts"}],"about":[{"href":"http:\/\/www.radiodigitaltamazunchale.com\/landing\/wp-json\/wp\/v2\/types\/post"}],"author":[{"embeddable":true,"href":"http:\/\/www.radiodigitaltamazunchale.com\/landing\/wp-json\/wp\/v2\/users\/2"}],"replies":[{"embeddable":true,"href":"http:\/\/www.radiodigitaltamazunchale.com\/landing\/wp-json\/wp\/v2\/comments?post=21113"}],"version-history":[{"count":1,"href":"http:\/\/www.radiodigitaltamazunchale.com\/landing\/wp-json\/wp\/v2\/posts\/21113\/revisions"}],"predecessor-version":[{"id":21115,"href":"http:\/\/www.radiodigitaltamazunchale.com\/landing\/wp-json\/wp\/v2\/posts\/21113\/revisions\/21115"}],"wp:featuredmedia":[{"embeddable":true,"href":"http:\/\/www.radiodigitaltamazunchale.com\/landing\/wp-json\/wp\/v2\/media\/21114"}],"wp:attachment":[{"href":"http:\/\/www.radiodigitaltamazunchale.com\/landing\/wp-json\/wp\/v2\/media?parent=21113"}],"wp:term":[{"taxonomy":"category","embeddable":true,"href":"http:\/\/www.radiodigitaltamazunchale.com\/landing\/wp-json\/wp\/v2\/categories?post=21113"},{"taxonomy":"post_tag","embeddable":true,"href":"http:\/\/www.radiodigitaltamazunchale.com\/landing\/wp-json\/wp\/v2\/tags?post=21113"}],"curies":[{"name":"wp","href":"https:\/\/api.w.org\/{rel}","templated":true}]}}