{"id":21122,"date":"2019-02-05T15:34:28","date_gmt":"2019-02-05T21:34:28","guid":{"rendered":"http:\/\/www.radiodigitaltamazunchale.com\/landing\/?p=21122"},"modified":"2019-02-05T15:34:29","modified_gmt":"2019-02-05T21:34:29","slug":"ante-el-incremento-de-delitos-cometidos-por-personas-que-viajan-en-motocicletas-es-necesario-elaborar-un-padron-de-unidades-con-datos-fidedignos-diputada-beatriz-benavente","status":"publish","type":"post","link":"http:\/\/www.radiodigitaltamazunchale.com\/landing\/uncategorized\/ante-el-incremento-de-delitos-cometidos-por-personas-que-viajan-en-motocicletas-es-necesario-elaborar-un-padron-de-unidades-con-datos-fidedignos-diputada-beatriz-benavente\/","title":{"rendered":"ANTE EL INCREMENTO DE DELITOS COMETIDOS POR PERSONAS QUE VIAJAN EN MOTOCICLETAS, ES NECESARIO ELABORAR UN PADR\u00d3N DE UNIDADES CON DATOS FIDEDIGNOS: DIPUTADA BEATRIZ BENAVENTE"},"content":{"rendered":"\n<p><strong>No se debe criminalizar a los motociclistas porque la mayoria le da un buen uso a las unidades.<\/strong><\/p>\n\n\n\n<p>Los motociclistas no deben ser criminalizados pero s\u00ed es\nnecesario que haya un padr\u00f3n para conocer qui\u00e9n es el propietario de cada\nunidad que circula en las calles, a fin de que la autoridad realice\ninvestigaciones con mayor facilidad y prontitud cuando una unidad se vea\ninmiscuida en un hecho delictivo, asegur\u00f3 la diputada Beatriz Eugenia Benavente\nRodr\u00edguez.<\/p>\n\n\n\n<p>La presidenta de la Comisi\u00f3n de Seguridad P\u00fablica,\nPrevenci\u00f3n y Reinserci\u00f3n Social del Congreso del Estado, se\u00f1al\u00f3 que es\nimportante cruzar datos entre las agencias o tiendas departamentales que venden\nmotocicletas y los pagos que hacen por derechos ante la Secretar\u00eda de Finanzas,\npara tener informaci\u00f3n fidedigna de cada una de las unidades.<\/p>\n\n\n\n<p>Dentro de los compromisos que se han hecho de\ninterlocuci\u00f3n con la ciudadan\u00eda, la legisladora se reuni\u00f3 con motociclistas identificados\ncomo \u201cChoopers\u201d que llevan muchos a\u00f1os practicando esta actividad, quienes\nexpusieron que en realidad es un problema no tener el padr\u00f3n por lo que\nsugirieron que se trabaje en ese sentido.<\/p>\n\n\n\n<p>\u201cVamos a entrar al an\u00e1lisis de esta posibilidad, porque\ndesafortunadamente se est\u00e1 mal usando la motocicleta en actividades delictivas,\npero hay gente que la utiliza como medio de transporte de esparcimiento, para\nviajar y convivir, de tal suerte que hay que tomar medidas sin perjudicar a la\ngente que no tiene ning\u00fan problema\u201d, expuso.<\/p>\n\n\n\n<p>La diputada Benavente Rodr\u00edguez a\u00f1adi\u00f3 que \u201cno podemos\ncriminalizarlos, estamos en la l\u00f3gica de buscar opciones para hacer\nidentificables a los propietarios y usuarios de las motocicletas, porque\ntambi\u00e9n se da el caso de que se roban las unidades para delinquir, es un asunto\nen el que se deben tomar m\u00faltiples medidas\u201d.<\/p>\n\n\n\n<p>A\u00f1adi\u00f3 que tampoco se puede permitir el hostigamiento\ninstitucional hacia los motociclistas y de eso depende la pericia de las\nautoridades para detectar a quienes usan las motocicletas de manera adecuada y\nquienes pudieran estar en condiciones de ser potenciales responsables de la\ncomisi\u00f3n de un il\u00edcito.<\/p>\n","protected":false},"excerpt":{"rendered":"<p>No se debe criminalizar a los motociclistas porque la mayoria le da un buen uso a las unidades. Los motociclistas<\/p>\n","protected":false},"author":2,"featured_media":20827,"comment_status":"open","ping_status":"open","sticky":false,"template":"","format":"standard","meta":[],"categories":[1],"tags":[],"_links":{"self":[{"href":"http:\/\/www.radiodigitaltamazunchale.com\/landing\/wp-json\/wp\/v2\/posts\/21122"}],"collection":[{"href":"http:\/\/www.radiodigitaltamazunchale.com\/landing\/wp-json\/wp\/v2\/posts"}],"about":[{"href":"http:\/\/www.radiodigitaltamazunchale.com\/landing\/wp-json\/wp\/v2\/types\/post"}],"author":[{"embeddable":true,"href":"http:\/\/www.radiodigitaltamazunchale.com\/landing\/wp-json\/wp\/v2\/users\/2"}],"replies":[{"embeddable":true,"href":"http:\/\/www.radiodigitaltamazunchale.com\/landing\/wp-json\/wp\/v2\/comments?post=21122"}],"version-history":[{"count":1,"href":"http:\/\/www.radiodigitaltamazunchale.com\/landing\/wp-json\/wp\/v2\/posts\/21122\/revisions"}],"predecessor-version":[{"id":21123,"href":"http:\/\/www.radiodigitaltamazunchale.com\/landing\/wp-json\/wp\/v2\/posts\/21122\/revisions\/21123"}],"wp:featuredmedia":[{"embeddable":true,"href":"http:\/\/www.radiodigitaltamazunchale.com\/landing\/wp-json\/wp\/v2\/media\/20827"}],"wp:attachment":[{"href":"http:\/\/www.radiodigitaltamazunchale.com\/landing\/wp-json\/wp\/v2\/media?parent=21122"}],"wp:term":[{"taxonomy":"category","embeddable":true,"href":"http:\/\/www.radiodigitaltamazunchale.com\/landing\/wp-json\/wp\/v2\/categories?post=21122"},{"taxonomy":"post_tag","embeddable":true,"href":"http:\/\/www.radiodigitaltamazunchale.com\/landing\/wp-json\/wp\/v2\/tags?post=21122"}],"curies":[{"name":"wp","href":"https:\/\/api.w.org\/{rel}","templated":true}]}}