{"id":21194,"date":"2019-01-29T12:07:05","date_gmt":"2019-01-29T18:07:05","guid":{"rendered":"http:\/\/www.radiodigitaltamazunchale.com\/landing\/?p=21194"},"modified":"2019-02-07T12:07:37","modified_gmt":"2019-02-07T18:07:37","slug":"secult-prepara-recorridos-y-conferencia-en-febrero","status":"publish","type":"post","link":"http:\/\/www.radiodigitaltamazunchale.com\/landing\/uncategorized\/secult-prepara-recorridos-y-conferencia-en-febrero\/","title":{"rendered":"SECULT PREPARA RECORRIDOS Y CONFERENCIA EN FEBRERO"},"content":{"rendered":"\n<p>El Gobierno del Estado por medio de la Secretar\u00eda de Cultura de San Luis Potos\u00ed invita al p\u00fablico a participar en\nlas conferencias y recorrido, que se est\u00e1n preparando para el mes de febrero, a\ntrav\u00e9s de la Direcci\u00f3n de Patrimonio de esta misma dependencia.<\/p>\n\n\n\n<p>EL jueves 7,\nen punto de las 18:00 horas, se llevar\u00e1 a cabo la conferencia&nbsp;Hombres fuertes de\nM\u00e9xico: Gonzalo N. Santos, que ser\u00e1 impartida por la doctora Yolanda\nCamacho Zapata, dicha charla se llevar\u00e1 a cabo en la sala&nbsp; Jos\u00e9 Jayme de\nla Secretar\u00eda de Cultura, Jard\u00edn Guerrero # 6.&nbsp;<\/p>\n\n\n\n<p>El martes 12,\na las 10:00 horas, se efectuar\u00e1 el recorrido&nbsp;Del trompe-l\u00b4oeil al trampantojo,&nbsp;actividad conducida por Enrique\nGarc\u00eda Blanco, el punto de partida habr\u00e1 de ser el jard\u00edn de San Francisco,\nfrente a la Secretar\u00eda de Cultura.<\/p>\n\n\n\n<p>En su af\u00e1n\npor diversificar la oferta cultural la direcci\u00f3n tiene programada para el viernes\n15 de febrero del a\u00f1o en curso, la presentaci\u00f3n del libro de bebidas\ntradicionales del altiplano titulado,&nbsp;Del elixir de los dioses a la mezcaler\u00eda,&nbsp;\u00e9ste\nse presentar\u00e1 en el Centro Cultural Salinas del referido municipio, el evento\nser\u00e1 en punto de las 12:00 horas. Asimismo se develar\u00e1 la serie fotogr\u00e1fica\nrealizada por el artista de la lente V\u00edctor Manuel Huerta Negrete, im\u00e1genes que\nrescatan el patrimonio inmaterial del estado potosino.<\/p>\n\n\n\n<p>Continuando\ncon las actividades el jueves 21, en punto de las 18:00 horas, se llevar\u00e1 a\ncabo la conferencia:&nbsp;Archivo General de Indias. Repositorio de la historia de Am\u00e9rica,\nque ser\u00e1 impartida por el Doctor Jes\u00fas Villar Rubio, titular de la Direcci\u00f3n de\nPatrimonio. La conferencia se llevar\u00e1 a cabo en la sala Jos\u00e9 Jayme de la\nSecretar\u00eda de Cultura.<\/p>\n","protected":false},"excerpt":{"rendered":"<p>El Gobierno del Estado por medio de la Secretar\u00eda de Cultura de San Luis Potos\u00ed invita al p\u00fablico a participar<\/p>\n","protected":false},"author":2,"featured_media":21189,"comment_status":"open","ping_status":"open","sticky":false,"template":"","format":"standard","meta":[],"categories":[1],"tags":[],"_links":{"self":[{"href":"http:\/\/www.radiodigitaltamazunchale.com\/landing\/wp-json\/wp\/v2\/posts\/21194"}],"collection":[{"href":"http:\/\/www.radiodigitaltamazunchale.com\/landing\/wp-json\/wp\/v2\/posts"}],"about":[{"href":"http:\/\/www.radiodigitaltamazunchale.com\/landing\/wp-json\/wp\/v2\/types\/post"}],"author":[{"embeddable":true,"href":"http:\/\/www.radiodigitaltamazunchale.com\/landing\/wp-json\/wp\/v2\/users\/2"}],"replies":[{"embeddable":true,"href":"http:\/\/www.radiodigitaltamazunchale.com\/landing\/wp-json\/wp\/v2\/comments?post=21194"}],"version-history":[{"count":1,"href":"http:\/\/www.radiodigitaltamazunchale.com\/landing\/wp-json\/wp\/v2\/posts\/21194\/revisions"}],"predecessor-version":[{"id":21196,"href":"http:\/\/www.radiodigitaltamazunchale.com\/landing\/wp-json\/wp\/v2\/posts\/21194\/revisions\/21196"}],"wp:featuredmedia":[{"embeddable":true,"href":"http:\/\/www.radiodigitaltamazunchale.com\/landing\/wp-json\/wp\/v2\/media\/21189"}],"wp:attachment":[{"href":"http:\/\/www.radiodigitaltamazunchale.com\/landing\/wp-json\/wp\/v2\/media?parent=21194"}],"wp:term":[{"taxonomy":"category","embeddable":true,"href":"http:\/\/www.radiodigitaltamazunchale.com\/landing\/wp-json\/wp\/v2\/categories?post=21194"},{"taxonomy":"post_tag","embeddable":true,"href":"http:\/\/www.radiodigitaltamazunchale.com\/landing\/wp-json\/wp\/v2\/tags?post=21194"}],"curies":[{"name":"wp","href":"https:\/\/api.w.org\/{rel}","templated":true}]}}