{"id":24050,"date":"2019-04-26T17:03:34","date_gmt":"2019-04-26T23:03:34","guid":{"rendered":"http:\/\/www.radiodigitaltamazunchale.com\/landing\/?p=24050"},"modified":"2019-04-26T17:03:36","modified_gmt":"2019-04-26T23:03:36","slug":"continua-fge-investigaciones-en-torno-al-caso-del-muralista-de-ciudad-valles","status":"publish","type":"post","link":"http:\/\/www.radiodigitaltamazunchale.com\/landing\/uncategorized\/continua-fge-investigaciones-en-torno-al-caso-del-muralista-de-ciudad-valles\/","title":{"rendered":"CONTIN\u00daA FGE INVESTIGACIONES EN TORNO AL CASO DEL MURALISTA DE CIUDAD VALLES"},"content":{"rendered":"\n<ul><li><strong>Se han realizado cateos para dar con el paradero de los involucrados en el hecho<\/strong><\/li><li><strong>En los otros homicidios perpetrados en la semana ya se cuenta con l\u00edneas de investigaci\u00f3n<\/strong><\/li><\/ul>\n\n\n\n<p>SLP.- El Vicefiscal Aar\u00f3n Edmundo Castro S\u00e1nchez inform\u00f3 que la Fiscal\u00eda General del Estado (FGESLP), presenta avances importantes en torno al caso del asesinato del muralista H\u00e9ctor Dom\u00ednguez y dos personas m\u00e1s, por lo que se encuentra a la espera de la continuaci\u00f3n de la audiencia del presunto implicado en el primer ataque al artista, la cual se realizar\u00e1 el pr\u00f3ximo martes 30 de abril.<\/p>\n\n\n\n<p>\u201cSobre los tres fallecidos en la Huasteca, hemos trabajado fuertemente en ese asunto, ayer se logr\u00f3 asegurar a una persona, sobre el primer evento que se tuvo all\u00e1; se obtuvo la orden de aprehensi\u00f3n de acuerdo a algunos datos de prueba que se ten\u00edan en la carpeta, estamos esperando el martes la continuaci\u00f3n de la audiencia, para ver la vinculaci\u00f3n\u201d, afirm\u00f3.<\/p>\n\n\n\n<p>En cuanto a la versi\u00f3n que circul\u00f3 hace unos d\u00edas, sobre si este hecho fue perpetrado por un grupo armado, Castro S\u00e1nchez confirm\u00f3 que de acuerdo al trabajo realizado por las \u00e1reas especializadas y cient\u00edficas se trata de \u00fanicamente un tirador.<\/p>\n\n\n\n<p>\u201cDe acuerdo a los dict\u00e1menes periciales, de la ubicaci\u00f3n y la din\u00e1mica de los disparos, podemos ver,&nbsp;&nbsp;que es un solo tirador, entonces, lo que nos hace concretar algunas cuestiones y sobre eso vamos avanzando, se mantiene la investigaci\u00f3n, de hecho se ha sumado personal especializado\u201d, concluy\u00f3.<\/p>\n\n\n\n<p>En cuanto al m\u00f3vil de este homicidio, el vicefiscal prefiri\u00f3 no dar detalles para no entorpecer las acciones que en este momento se llevan a cabo por parte de elementos de la Polic\u00eda de Investigaci\u00f3n (PDI) pero adelant\u00f3 que en el caso del primer hecho se tienen datos contundentes.<\/p>\n\n\n\n<p>\u201cEs un tema en el que tenemos hip\u00f3tesis sobre las cuales hemos corrido las l\u00edneas de investigaci\u00f3n, y obviamente esperamos que se concreten, para poder dar el m\u00f3vil, ya que es un tema que nosotros tendremos que exponer del hecho; hoy tenemos uno en la materialidad de la tentativa, que fue a fuera de la instituci\u00f3n educativa donde laboraba el maestro y ah\u00ed si tenemos certeza, tenemos datos, tenemos videos, tenemos una serie de cuestiones que nos han permito identificar al agresor. Tenemos asegurados veh\u00edculos, hicimos unos cateos en Valles y la investigaci\u00f3n est\u00e1 en curso, por lo que esperamos pronto tenerlo resuelto\u201d.<\/p>\n\n\n\n<p>Por otra parte, el funcionario inform\u00f3 que los recientes homicidios dolosos reportados esta semana en diferentes puntos del estado, ya cuentan con l\u00edneas de investigaci\u00f3n avanzadas, las cuales en su mayor\u00eda est\u00e1n relacionadas al fuero com\u00fan, con excepci\u00f3n del hecho ocurrido en \u00c9bano en donde se encontraron gruesos calibres, el cual podr\u00eda estar relacionado a la delincuencia organizada; adem\u00e1s de lo ocurrido en la colonia General I. Mart\u00ednez suceso en el que perdieron la vida cuatro personas, el cual estar\u00eda relacionado con un tema de narcomenudeo y pandillerismo, pero est\u00e1 por verificarse en la propia investigaci\u00f3n.<\/p>\n\n\n\n<p>\u201cEn el asunto de \u00c9bano en donde tuvimos la muerte de tres masculinos, se utilizaron calibres altos, por lo que creemos que puede estar relacionado con los l\u00edmites de Tamaulipas y Veracruz, en el lugar de los hechos encontramos restos de drogas\u201d.<\/p>\n","protected":false},"excerpt":{"rendered":"<p>Se han realizado cateos para dar con el paradero de los involucrados en el hecho En los otros homicidios perpetrados<\/p>\n","protected":false},"author":2,"featured_media":24051,"comment_status":"open","ping_status":"open","sticky":false,"template":"","format":"standard","meta":[],"categories":[1],"tags":[],"_links":{"self":[{"href":"http:\/\/www.radiodigitaltamazunchale.com\/landing\/wp-json\/wp\/v2\/posts\/24050"}],"collection":[{"href":"http:\/\/www.radiodigitaltamazunchale.com\/landing\/wp-json\/wp\/v2\/posts"}],"about":[{"href":"http:\/\/www.radiodigitaltamazunchale.com\/landing\/wp-json\/wp\/v2\/types\/post"}],"author":[{"embeddable":true,"href":"http:\/\/www.radiodigitaltamazunchale.com\/landing\/wp-json\/wp\/v2\/users\/2"}],"replies":[{"embeddable":true,"href":"http:\/\/www.radiodigitaltamazunchale.com\/landing\/wp-json\/wp\/v2\/comments?post=24050"}],"version-history":[{"count":1,"href":"http:\/\/www.radiodigitaltamazunchale.com\/landing\/wp-json\/wp\/v2\/posts\/24050\/revisions"}],"predecessor-version":[{"id":24052,"href":"http:\/\/www.radiodigitaltamazunchale.com\/landing\/wp-json\/wp\/v2\/posts\/24050\/revisions\/24052"}],"wp:featuredmedia":[{"embeddable":true,"href":"http:\/\/www.radiodigitaltamazunchale.com\/landing\/wp-json\/wp\/v2\/media\/24051"}],"wp:attachment":[{"href":"http:\/\/www.radiodigitaltamazunchale.com\/landing\/wp-json\/wp\/v2\/media?parent=24050"}],"wp:term":[{"taxonomy":"category","embeddable":true,"href":"http:\/\/www.radiodigitaltamazunchale.com\/landing\/wp-json\/wp\/v2\/categories?post=24050"},{"taxonomy":"post_tag","embeddable":true,"href":"http:\/\/www.radiodigitaltamazunchale.com\/landing\/wp-json\/wp\/v2\/tags?post=24050"}],"curies":[{"name":"wp","href":"https:\/\/api.w.org\/{rel}","templated":true}]}}