{"id":24068,"date":"2019-04-28T11:17:11","date_gmt":"2019-04-28T17:17:11","guid":{"rendered":"http:\/\/www.radiodigitaltamazunchale.com\/landing\/?p=24068"},"modified":"2019-04-28T11:17:12","modified_gmt":"2019-04-28T17:17:12","slug":"guardia-nacional-rescata-a-menor-de-edad-secuestrado","status":"publish","type":"post","link":"http:\/\/www.radiodigitaltamazunchale.com\/landing\/uncategorized\/guardia-nacional-rescata-a-menor-de-edad-secuestrado\/","title":{"rendered":"GUARDIA NACIONAL RESCATA A MENOR DE EDAD SECUESTRADO."},"content":{"rendered":"\n<p>COATZACOALCOS, Ver.- Elementos de la Guardia Nacional lograron este s\u00e1bado su &#8216;primer golpe&#8217; en contra de la delincuencia en la zona sur del estado al rescatar a un menor de edad de un secuestro, inform\u00f3 la<strong>&nbsp;Secretaria de Seguridad P\u00fablica<\/strong><\/p>\n\n\n\n<p>Este cuerpo de seguridad liber\u00f3 al infante en el municipio de Coatzacoalcos, un d\u00eda despu\u00e9s de que fuera desplegada, de manera oficial, la primera coordinaci\u00f3n de la Guardia Nacional.<\/p>\n\n\n\n<p>La ubicaci\u00f3n de la casa de seguridad se dio luego de un reporte al n\u00famero de emergencias 911, por lo que elementos de la Guardia Nacional se presentaron en el lugar se\u00f1alado.<\/p>\n\n\n\n<p>El menor de edad fue secuestrado el viernes y fue retenido por sus captores en dicho sitio.<\/p>\n\n\n\n<p>De acuerdo con un comunicado difundido por&nbsp;<strong>la Secretaria de Seguridad P\u00fablica<\/strong>, en el operativo la Guardia Nacional y la Polic\u00eda Estatal tambi\u00e9n aseguraron dos kilos de mariguana y un veh\u00edculo con reporte de robo.<\/p>\n\n\n\n<p>Las drogas y el veh\u00edculo asegurado fueron presentados ante<strong>&nbsp;la Fiscal\u00eda General del Estado de Veracruz&nbsp;<\/strong>para que se realicen las investigaciones de rigor y se de con los responsables.<\/p>\n\n\n\n<p>\u00abEl joven relat\u00f3 que lo interceptaron&nbsp;<strong>cuatro sujetos<\/strong>&nbsp;que viajaban a bordo de un veh\u00edculo Nissan Tsuru blanco y placas YKN-5271, en el que lo llevaron hasta ese domicilio\u00bb, se inform\u00f3.<\/p>\n\n\n\n<p>El despliegue de la Guardia Nacional en el sur de Veracruz se dio luego de que el pasado 19 de abril un grupo armado irrumpiera en una fiesta en Minatitl\u00e1n y masacrara a 13 personas.<\/p>\n\n\n\n<p>FUENTE EL FINANCIERO.<\/p>\n","protected":false},"excerpt":{"rendered":"<p>COATZACOALCOS, Ver.- Elementos de la Guardia Nacional lograron este s\u00e1bado su &#8216;primer golpe&#8217; en contra de la delincuencia en la<\/p>\n","protected":false},"author":2,"featured_media":24070,"comment_status":"open","ping_status":"open","sticky":false,"template":"","format":"standard","meta":[],"categories":[1],"tags":[],"_links":{"self":[{"href":"http:\/\/www.radiodigitaltamazunchale.com\/landing\/wp-json\/wp\/v2\/posts\/24068"}],"collection":[{"href":"http:\/\/www.radiodigitaltamazunchale.com\/landing\/wp-json\/wp\/v2\/posts"}],"about":[{"href":"http:\/\/www.radiodigitaltamazunchale.com\/landing\/wp-json\/wp\/v2\/types\/post"}],"author":[{"embeddable":true,"href":"http:\/\/www.radiodigitaltamazunchale.com\/landing\/wp-json\/wp\/v2\/users\/2"}],"replies":[{"embeddable":true,"href":"http:\/\/www.radiodigitaltamazunchale.com\/landing\/wp-json\/wp\/v2\/comments?post=24068"}],"version-history":[{"count":1,"href":"http:\/\/www.radiodigitaltamazunchale.com\/landing\/wp-json\/wp\/v2\/posts\/24068\/revisions"}],"predecessor-version":[{"id":24071,"href":"http:\/\/www.radiodigitaltamazunchale.com\/landing\/wp-json\/wp\/v2\/posts\/24068\/revisions\/24071"}],"wp:featuredmedia":[{"embeddable":true,"href":"http:\/\/www.radiodigitaltamazunchale.com\/landing\/wp-json\/wp\/v2\/media\/24070"}],"wp:attachment":[{"href":"http:\/\/www.radiodigitaltamazunchale.com\/landing\/wp-json\/wp\/v2\/media?parent=24068"}],"wp:term":[{"taxonomy":"category","embeddable":true,"href":"http:\/\/www.radiodigitaltamazunchale.com\/landing\/wp-json\/wp\/v2\/categories?post=24068"},{"taxonomy":"post_tag","embeddable":true,"href":"http:\/\/www.radiodigitaltamazunchale.com\/landing\/wp-json\/wp\/v2\/tags?post=24068"}],"curies":[{"name":"wp","href":"https:\/\/api.w.org\/{rel}","templated":true}]}}