{"id":24171,"date":"2019-04-30T09:29:42","date_gmt":"2019-04-30T15:29:42","guid":{"rendered":"http:\/\/www.radiodigitaltamazunchale.com\/landing\/?p=24171"},"modified":"2019-05-01T09:35:44","modified_gmt":"2019-05-01T15:35:44","slug":"continuan-las-actividades-de-la-cuarta-semana-de-la-productividad-en-oficialia-mayor","status":"publish","type":"post","link":"http:\/\/www.radiodigitaltamazunchale.com\/landing\/uncategorized\/continuan-las-actividades-de-la-cuarta-semana-de-la-productividad-en-oficialia-mayor\/","title":{"rendered":"CONTIN\u00daAN LAS ACTIVIDADES DE LA CUARTA SEMANA DE LA PRODUCTIVIDAD EN OFICIAL\u00cdA MAYOR"},"content":{"rendered":"\n<p>Como parte de las\nactividades que comprende la 4\u00b0 Semana de la Productividad que lleva a cabo el\npersonal de la Direcci\u00f3n de Desarrollo Humano de Oficial\u00eda Mayor, el Doctor\nAlfredo Barrales Mart\u00ednez, present\u00f3 la conferencia \u201cImagen Ejecutiva Integral\u201d,\ncuyo objetivo es implementar las herramientas y reglas b\u00e1sicas del aspecto\ncorporativo que permite desarrollar las normas de manejo de las relaciones\nhumanas y p\u00fablicas. <\/p>\n\n\n\n<p>En esta ocasi\u00f3n\nestuvo presente, la Oficial Mayor de Gobierno del Estado, Ada Amelia Andrade\nContreras quien se sum\u00f3 a las actividades que se programaron para este ciclo,\ndonde se busca brindar a todas las dependencias de la administraci\u00f3n un\nservicio y atenci\u00f3n de calidad. <\/p>\n\n\n\n<p>El Doctor Alfredo\nBarrales, es licenciado en Ciencias de la Comunicaci\u00f3n en la Universidad\nAut\u00f3noma de San Luis Potos\u00ed, cuenta con una especializaci\u00f3n en Comunicaci\u00f3n\nAudiovisual en la UVM, Master off Business Administration in Entrepreneurship\n(Walden University), Dr. en Comunicaci\u00f3n Educativa, Universidad de Baja\nCalifornia. <\/p>\n\n\n\n<p>Ha impartido\ncursos a empresas de Desarrollo Organizacional y Humano, imagen institucional y\nlas relaciones p\u00fablicas. C\u00f3mo atender a clientes enojados y dif\u00edciles,\nFotoperiodismo, Comunicaci\u00f3n Gerencial, Mercadotecnia y Benchmarking.\nActualmente es Coordinador de Posgrado en la Facultad de Ciencias de la\nComunicaci\u00f3n de la UASLP y docente de la Especialidad de Relaciones P\u00fablicas en\nla Universidad del Centro de M\u00e9xico.<\/p>\n\n\n\n<p>Durante esta\npl\u00e1tica se proyectaron los temas: Imagen Ejecutiva, Importancia de la Imagen,\nVestimenta, Accesorios y Arreglo Personal, as\u00ed como Protocolo ejecutivo. <\/p>\n","protected":false},"excerpt":{"rendered":"<p>Como parte de las actividades que comprende la 4\u00b0 Semana de la Productividad que lleva a cabo el personal de<\/p>\n","protected":false},"author":2,"featured_media":24172,"comment_status":"open","ping_status":"open","sticky":false,"template":"","format":"standard","meta":[],"categories":[1],"tags":[],"_links":{"self":[{"href":"http:\/\/www.radiodigitaltamazunchale.com\/landing\/wp-json\/wp\/v2\/posts\/24171"}],"collection":[{"href":"http:\/\/www.radiodigitaltamazunchale.com\/landing\/wp-json\/wp\/v2\/posts"}],"about":[{"href":"http:\/\/www.radiodigitaltamazunchale.com\/landing\/wp-json\/wp\/v2\/types\/post"}],"author":[{"embeddable":true,"href":"http:\/\/www.radiodigitaltamazunchale.com\/landing\/wp-json\/wp\/v2\/users\/2"}],"replies":[{"embeddable":true,"href":"http:\/\/www.radiodigitaltamazunchale.com\/landing\/wp-json\/wp\/v2\/comments?post=24171"}],"version-history":[{"count":1,"href":"http:\/\/www.radiodigitaltamazunchale.com\/landing\/wp-json\/wp\/v2\/posts\/24171\/revisions"}],"predecessor-version":[{"id":24173,"href":"http:\/\/www.radiodigitaltamazunchale.com\/landing\/wp-json\/wp\/v2\/posts\/24171\/revisions\/24173"}],"wp:featuredmedia":[{"embeddable":true,"href":"http:\/\/www.radiodigitaltamazunchale.com\/landing\/wp-json\/wp\/v2\/media\/24172"}],"wp:attachment":[{"href":"http:\/\/www.radiodigitaltamazunchale.com\/landing\/wp-json\/wp\/v2\/media?parent=24171"}],"wp:term":[{"taxonomy":"category","embeddable":true,"href":"http:\/\/www.radiodigitaltamazunchale.com\/landing\/wp-json\/wp\/v2\/categories?post=24171"},{"taxonomy":"post_tag","embeddable":true,"href":"http:\/\/www.radiodigitaltamazunchale.com\/landing\/wp-json\/wp\/v2\/tags?post=24171"}],"curies":[{"name":"wp","href":"https:\/\/api.w.org\/{rel}","templated":true}]}}