{"id":24175,"date":"2019-04-30T09:37:45","date_gmt":"2019-04-30T15:37:45","guid":{"rendered":"http:\/\/www.radiodigitaltamazunchale.com\/landing\/?p=24175"},"modified":"2019-05-01T09:41:14","modified_gmt":"2019-05-01T15:41:14","slug":"imes-ofrece-autocuidado-emocional-al-funcionariado-publico-a-traves-del-taller-de-contencion-emocional","status":"publish","type":"post","link":"http:\/\/www.radiodigitaltamazunchale.com\/landing\/uncategorized\/imes-ofrece-autocuidado-emocional-al-funcionariado-publico-a-traves-del-taller-de-contencion-emocional\/","title":{"rendered":"IMES OFRECE AUTOCUIDADO EMOCIONAL AL FUNCIONARIADO P\u00daBLICO A TRAV\u00c9S DEL TALLER DE \u201cCONTENCI\u00d3N EMOCIONAL\u201d"},"content":{"rendered":"\n<p>Con el objetivo de ofrecer a las y los\nservidores p\u00fablicos conocimientos y t\u00e9cnicas para mejorar su desempe\u00f1o\nprofesional y lograr una mayor objetividad en la atenci\u00f3n a v\u00edctimas de\nviolencia de g\u00e9nero, el Instituto de las Mujeres del Estado de San Luis Potos\u00ed\n(IMES), a trav\u00e9s del \u00e1rea de Atenci\u00f3n Ciudadana ofreci\u00f3 un taller de\n\u201cContenci\u00f3n Emocional\u201d inform\u00f3 la Directora General del Instituto, Erika\nVel\u00e1zquez Guti\u00e9rrez.<\/p>\n\n\n\n<p>La titular de IMES explic\u00f3 que, el taller de\n\u201cContenci\u00f3n Emocional\u201d forma parte de las actividades del Sistema Estatal para\nla Prevenci\u00f3n, Atenci\u00f3n, Sanci\u00f3n y Erradicaci\u00f3n de la Violencia de G\u00e9nero\ncontra las Mujeres (SEPASEVM), y va dirigido al funcionariado p\u00fablico que\nlabora en las dependencias gubernamentales donde se ofrece atenci\u00f3n a las\nmujeres en situaci\u00f3n de violencia.<\/p>\n\n\n\n<p>Erika Vel\u00e1zquez se\u00f1al\u00f3 que, las y los\nprofesionales que atienden a v\u00edctimas de violencia, en ocasiones no llegan a\nreconocer f\u00e1cilmente su propia sobrecarga emocional, a pesar de que se\nencuentran constantemente expuestas como escuchas y testigos impotentes, a\nsentimientos de frustraci\u00f3n, dolor, enojo, miedo, ansiedad, desesperaci\u00f3n y\ndesesperanza.<\/p>\n\n\n\n<p>La constante exposici\u00f3n de las y los\nservidores p\u00fablicos al atender a las v\u00edctimas de violencia puede traducirse en:\ntrauma vicario, estr\u00e9s traum\u00e1tico secundario, fatiga de compasi\u00f3n y s\u00edndrome de\n\u201cburnout\u201d.<\/p>\n\n\n\n<p>Por ello, es necesario el desarrollo de una\nserie de herramientas para la detecci\u00f3n de estos s\u00edndromes y su atenci\u00f3n, y\nprevenir los riesgos a los que se enfrentan el funcionariado p\u00fablico de manera\ncontinua o para recuperar su buen estado de salud f\u00edsica y emocional.<\/p>\n\n\n\n<p>La licenciada Erika Vel\u00e1zquez coment\u00f3 que, las\ny los profesionales que atienden a v\u00edctimas de violencia sesionar\u00e1n una vez al\nmes en un lapso de seis meses, y estar\u00e1 conformado por quienes integran la\nUnidades de G\u00e9nero de la Administraci\u00f3n P\u00fablica Estatal, Fiscal\u00eda Especializada\nen Atenci\u00f3n a la Mujer y Delitos Sexuales.<\/p>\n\n\n\n<p>El taller de \u201cContenci\u00f3n Emocional\u201d es\nimpartido por la maestra Mar\u00eda Teresa Aguilar Jim\u00e9nez, egresada de la Facultad\nde Psicolog\u00eda de la Universidad Aut\u00f3noma de San Luis Potos\u00ed (UASLP), y maestra\nen Desarrollo Humano por la Universidad Marista.<\/p>\n\n\n\n<p>Adem\u00e1s, es catedr\u00e1tica de la Facultad de\nPsicolog\u00eda, Contadur\u00eda y Administraci\u00f3n de la M\u00e1xima Casa de Estudios, y cuenta\ncon m\u00e1s de 25 a\u00f1os de experiencia como terapeuta.<\/p>\n","protected":false},"excerpt":{"rendered":"<p>Con el objetivo de ofrecer a las y los servidores p\u00fablicos conocimientos y t\u00e9cnicas para mejorar su desempe\u00f1o profesional y<\/p>\n","protected":false},"author":2,"featured_media":24176,"comment_status":"open","ping_status":"open","sticky":false,"template":"","format":"standard","meta":[],"categories":[1],"tags":[],"_links":{"self":[{"href":"http:\/\/www.radiodigitaltamazunchale.com\/landing\/wp-json\/wp\/v2\/posts\/24175"}],"collection":[{"href":"http:\/\/www.radiodigitaltamazunchale.com\/landing\/wp-json\/wp\/v2\/posts"}],"about":[{"href":"http:\/\/www.radiodigitaltamazunchale.com\/landing\/wp-json\/wp\/v2\/types\/post"}],"author":[{"embeddable":true,"href":"http:\/\/www.radiodigitaltamazunchale.com\/landing\/wp-json\/wp\/v2\/users\/2"}],"replies":[{"embeddable":true,"href":"http:\/\/www.radiodigitaltamazunchale.com\/landing\/wp-json\/wp\/v2\/comments?post=24175"}],"version-history":[{"count":1,"href":"http:\/\/www.radiodigitaltamazunchale.com\/landing\/wp-json\/wp\/v2\/posts\/24175\/revisions"}],"predecessor-version":[{"id":24177,"href":"http:\/\/www.radiodigitaltamazunchale.com\/landing\/wp-json\/wp\/v2\/posts\/24175\/revisions\/24177"}],"wp:featuredmedia":[{"embeddable":true,"href":"http:\/\/www.radiodigitaltamazunchale.com\/landing\/wp-json\/wp\/v2\/media\/24176"}],"wp:attachment":[{"href":"http:\/\/www.radiodigitaltamazunchale.com\/landing\/wp-json\/wp\/v2\/media?parent=24175"}],"wp:term":[{"taxonomy":"category","embeddable":true,"href":"http:\/\/www.radiodigitaltamazunchale.com\/landing\/wp-json\/wp\/v2\/categories?post=24175"},{"taxonomy":"post_tag","embeddable":true,"href":"http:\/\/www.radiodigitaltamazunchale.com\/landing\/wp-json\/wp\/v2\/tags?post=24175"}],"curies":[{"name":"wp","href":"https:\/\/api.w.org\/{rel}","templated":true}]}}