{"id":24179,"date":"2019-04-30T09:45:24","date_gmt":"2019-04-30T15:45:24","guid":{"rendered":"http:\/\/www.radiodigitaltamazunchale.com\/landing\/?p=24179"},"modified":"2019-05-01T09:47:18","modified_gmt":"2019-05-01T15:47:18","slug":"gobierno-del-estado-celebran-el-dia-de-la-nina-y-el-nino","status":"publish","type":"post","link":"http:\/\/www.radiodigitaltamazunchale.com\/landing\/uncategorized\/gobierno-del-estado-celebran-el-dia-de-la-nina-y-el-nino\/","title":{"rendered":"GOBIERNO DEL ESTADO CELEBRAN EL D\u00cdA DE LA NI\u00d1A Y EL NI\u00d1O"},"content":{"rendered":"\n<ul><li><strong>Participaron DIF\nEstatal, Secretar\u00eda de Cultura y el Museo Laberinto de las Ciencias y las\nArtes&nbsp;<\/strong><\/li><li><strong>Se llevaron a cabo\nfestejos en los Centros de Asistencia Social Rafael Nieto y Rosario\nCastellanos, Casa Hogar Eben Hezer, CREE, entre otros. <\/strong><\/li><\/ul>\n\n\n\n<p>Con motivo de la celebraci\u00f3n del 30 de abril, el\nGobierno del Estado, a trav\u00e9s del Sistema Estatal para el Desarrollo Integral\nde la Familia (DIF), la Secretaria de Cultura y el Museo Laberinto de las\nCiencias y las Artes, realiz\u00f3 un festejo a ni\u00f1as y ni\u00f1os de escuelas y Centros\nde Asistencia Social. <\/p>\n\n\n\n<p><br>\nA nombre del Gobernador del estado, Juan Manuel\nCarreras L\u00f3pez, Alejandro Fern\u00e1ndez Montiel, Procurador de la Defensa de las\nPersonas Adultas Mayores, expres\u00f3 una felicitaci\u00f3n de parte del primer\nmandatario.<\/p>\n\n\n\n<p>Por su parte, la Presidenta de la Junta Directiva del\nDIF Estatal, Lorena Valle Rodr\u00edguez, destac\u00f3 que para esta administraci\u00f3n es\nfundamental la protecci\u00f3n de los derechos de ni\u00f1as y ni\u00f1os, a\u00f1adi\u00f3 que a trav\u00e9s\nde la instituci\u00f3n a su cargo, se realizan diversas acciones y estrategias\norientadas a difundir los derechos de la ni\u00f1ez, promover su desarrollo y\nprevenir riesgos para fomentar su crecimiento sano y feliz.<\/p>\n\n\n\n<p><br>\nComo parte de la celebraci\u00f3n se llev\u00f3 a cabo la\npresentaci\u00f3n de un cuentacuentos, adem\u00e1s de que ni\u00f1as y ni\u00f1os realizaron un\nrecorrido por las diferentes salas del Museo Laberinto de las Ciencias y las\nArtes y recibieron un presente. <\/p>\n\n\n\n<p><br>\nA este evento, acudieron estudiantes de\npreescolar y primaria, as\u00ed como ni\u00f1as y ni\u00f1os de los Centros de Asistencia\nSocial Rafael Nieto y Eben Ezer pertenecientes al DIF Estatal.<\/p>\n\n\n\n<p><br>\nPor otra parte, gracias a la generosidad de\nempresas y personas, ni\u00f1as y ni\u00f1os que se encuentran en los cinco Centros de\nAsistencia Social y Casas, as\u00ed como las y los pacientes del Centro de\nRehabilitaci\u00f3n y Educaci\u00f3n Especial, disfrutaron diversos festejos con motivo\nde la celebraci\u00f3n del 30 de abril.<\/p>\n\n\n\n<p><br>\nAbuelitas y abuelitos del Instituto Geri\u00e1trico\nNicol\u00e1s Aguilar, organizaron un festejo para ni\u00f1as y ni\u00f1os de los Centros de\nAsistencia Social Rosario Castellanos y Rafael Nieto, en donde adem\u00e1s de\ndisfrutar un espect\u00e1culo, intercambiaron regalos.<\/p>\n\n\n\n<p><br>\nLas ni\u00f1as y ni\u00f1os de Casa Cuna Margarita Maza de\nJu\u00e1rez, tuvieron una visita al cine y disfrutaron de festejos, organizados por\nBodega Aurrera, el personal y el Patronato de la Casa. En tanto en Casa Eben\nEzer, tambi\u00e9n se realiz\u00f3 una celebraci\u00f3n organizada por el personal.<br>\n<br>\nPor su parte, ni\u00f1as y ni\u00f1os del Instituto\nEstatal de Ciegos, acudieron a un festejo organizado por madres y padres de\nfamilia del Instituto Lomas del Real, en un sal\u00f3n infantil.<\/p>\n\n\n\n<p><br>\nLos Centros Crecer para la Vida de Morales y\nRivas Guill\u00e9n, tendr\u00e1n su festejo en el centro ubicado en Soledad de Graciano\nS\u00e1nchez, con actividades l\u00fadicas, deportivas, recreativas y regalos.<\/p>\n\n\n\n<p><br>\nEs importante destacar que el pr\u00f3ximo 7 de mayo\ntendr\u00e1 lugar un festejo organizado por el Voluntariado de la Controlar\u00eda\nGeneral del Estado, al que asistir\u00e1n ni\u00f1as y ni\u00f1os del Instituto Estatal de\nCiegos, Centros de Asistencia Social Rosario Castellanos y Rafael Nieto.<\/p>\n","protected":false},"excerpt":{"rendered":"<p>Participaron DIF Estatal, Secretar\u00eda de Cultura y el Museo Laberinto de las Ciencias y las Artes&nbsp; Se llevaron a cabo<\/p>\n","protected":false},"author":2,"featured_media":24180,"comment_status":"open","ping_status":"open","sticky":false,"template":"","format":"standard","meta":[],"categories":[1],"tags":[],"_links":{"self":[{"href":"http:\/\/www.radiodigitaltamazunchale.com\/landing\/wp-json\/wp\/v2\/posts\/24179"}],"collection":[{"href":"http:\/\/www.radiodigitaltamazunchale.com\/landing\/wp-json\/wp\/v2\/posts"}],"about":[{"href":"http:\/\/www.radiodigitaltamazunchale.com\/landing\/wp-json\/wp\/v2\/types\/post"}],"author":[{"embeddable":true,"href":"http:\/\/www.radiodigitaltamazunchale.com\/landing\/wp-json\/wp\/v2\/users\/2"}],"replies":[{"embeddable":true,"href":"http:\/\/www.radiodigitaltamazunchale.com\/landing\/wp-json\/wp\/v2\/comments?post=24179"}],"version-history":[{"count":1,"href":"http:\/\/www.radiodigitaltamazunchale.com\/landing\/wp-json\/wp\/v2\/posts\/24179\/revisions"}],"predecessor-version":[{"id":24181,"href":"http:\/\/www.radiodigitaltamazunchale.com\/landing\/wp-json\/wp\/v2\/posts\/24179\/revisions\/24181"}],"wp:featuredmedia":[{"embeddable":true,"href":"http:\/\/www.radiodigitaltamazunchale.com\/landing\/wp-json\/wp\/v2\/media\/24180"}],"wp:attachment":[{"href":"http:\/\/www.radiodigitaltamazunchale.com\/landing\/wp-json\/wp\/v2\/media?parent=24179"}],"wp:term":[{"taxonomy":"category","embeddable":true,"href":"http:\/\/www.radiodigitaltamazunchale.com\/landing\/wp-json\/wp\/v2\/categories?post=24179"},{"taxonomy":"post_tag","embeddable":true,"href":"http:\/\/www.radiodigitaltamazunchale.com\/landing\/wp-json\/wp\/v2\/tags?post=24179"}],"curies":[{"name":"wp","href":"https:\/\/api.w.org\/{rel}","templated":true}]}}