{"id":24224,"date":"2019-05-01T07:22:31","date_gmt":"2019-05-01T13:22:31","guid":{"rendered":"http:\/\/www.radiodigitaltamazunchale.com\/landing\/?p=24224"},"modified":"2019-05-02T07:39:27","modified_gmt":"2019-05-02T13:39:27","slug":"unidad-sindical-fortalece-paz-laboral-en-slp-jm-carreras","status":"publish","type":"post","link":"http:\/\/www.radiodigitaltamazunchale.com\/landing\/uncategorized\/unidad-sindical-fortalece-paz-laboral-en-slp-jm-carreras\/","title":{"rendered":"UNIDAD SINDICAL FORTALECE PAZ LABORAL EN SLP: JM CARRERAS"},"content":{"rendered":"\n<p>-Gobernador entrega Medalla al M\u00e9rito Sindical 2019.<br> &#8211; Emilio de Jes\u00fas Ram\u00edrez Guerrero, Secretario General de la CTM, reconoce esfuerzos del Gobierno del Estado por las y los trabajadores potosinos.<\/p>\n\n\n\n<p>En el marco de la entrega de la Medalla al M\u00e9rito Sindical 2019, por parte de la Confederaci\u00f3n de Trabajadores de M\u00e9xico en San Luis Potos\u00ed (CTM), el Gobernador del Estado, Juan Manuel Carreras L\u00f3pez, se\u00f1al\u00f3 que la unidad gremial fortalece la paz laboral en la entidad, adem\u00e1s de afianzar el crecimiento y dinamismo econ\u00f3mico.<\/p>\n\n\n\n<p>Carreras L\u00f3pez, destac\u00f3 que, debido al compromiso de dirigentes sindicales, empresarios y agremiados, la inversi\u00f3n y empleo contin\u00faan al alza y est\u00e1n en curso diversos proyectos industriales, comercial e inmobiliarios, as\u00ed como nuevas obras de infraestructura para mejorar la movilidad. <\/p>\n\n\n\n<p>\u00abEstamos en un momento en el que el sindicalismo responsable, a favor de la justicia laboral y el bienestar de las y los agremiados y sus familias, resulta determinante para que a San Luis Potos\u00ed le vaya bien\u00bb, precis\u00f3 el Jefe del Ejecutivo.<\/p>\n\n\n\n<p>El mandatario estatal, entreg\u00f3 la presea a Ram\u00f3n Hern\u00e1ndez Hern\u00e1ndez, quien durante 52 a\u00f1os coadyuv\u00f3 en la consolidaci\u00f3n de Embotelladora San Luis, adem\u00e1s, durante 35 a\u00f1os particip\u00f3 en los comit\u00e9s sindicales de este giro comercial. <\/p>\n\n\n\n<p>Ram\u00f3n Hern\u00e1ndez Hern\u00e1ndez, reconoci\u00f3 el liderazgo de Carreras L\u00f3pez y su compromiso con el impulso a las fuentes laborales formales; adem\u00e1s, inst\u00f3 a las organizaciones seguir con el fortalecimiento de los Contratos Colectivos de Trabajo para que mantengan su valor. <\/p>\n\n\n\n<p>Emilio de Jes\u00fas Ram\u00edrez Guerrero, Secretario General de la Confederaci\u00f3n de Trabajadores de M\u00e9xico en San Luis Potos\u00ed (CTM), reconoci\u00f3 los esfuerzos del Gobierno del Estado por las y los integrantes de los sindicatos potosinos; dijo que la celebraci\u00f3n del D\u00eda del Trabajo debe realizarse en el marco del reconocimiento de la lucha de Cananea. <\/p>\n\n\n\n<p>Confi\u00f3 en que los cambios que se proyectan desde la Federaci\u00f3n multipliquen los empleos, mejoren el poder adquisitivo y que se defiendan las conquistas de las y los obreros. <\/p>\n\n\n\n<p>A esta ceremonia asistieron Juan Paul Almaz\u00e1n Cu\u00e9, Presidente del Supremo Tribunal y Consejo de la Judicatura; Joel Ram\u00edrez D\u00edaz, Secretario de Educaci\u00f3n; Gustavo Puente Orozco, Secretario de Desarrollo Econ\u00f3mico; Manuel Lozano Nieto, Secretario del Trabajo y Previsi\u00f3n Social; Xavier Nava Palacios, Presidente Municipal de la capital potosina; Adolfo Pa\u00f1ola Ibarra, Presidente de la Comisi\u00f3n Especial para la entrega de la Medalla al M\u00e9rito Sindical y los diputados locales Mauricio Ram\u00edrez Konishi y Mart\u00edn Ju\u00e1rez C\u00f3rdoba. <\/p>\n","protected":false},"excerpt":{"rendered":"<p>-Gobernador entrega Medalla al M\u00e9rito Sindical 2019. &#8211; Emilio de Jes\u00fas Ram\u00edrez Guerrero, Secretario General de la CTM, reconoce esfuerzos<\/p>\n","protected":false},"author":2,"featured_media":24225,"comment_status":"open","ping_status":"open","sticky":false,"template":"","format":"standard","meta":[],"categories":[1],"tags":[],"_links":{"self":[{"href":"http:\/\/www.radiodigitaltamazunchale.com\/landing\/wp-json\/wp\/v2\/posts\/24224"}],"collection":[{"href":"http:\/\/www.radiodigitaltamazunchale.com\/landing\/wp-json\/wp\/v2\/posts"}],"about":[{"href":"http:\/\/www.radiodigitaltamazunchale.com\/landing\/wp-json\/wp\/v2\/types\/post"}],"author":[{"embeddable":true,"href":"http:\/\/www.radiodigitaltamazunchale.com\/landing\/wp-json\/wp\/v2\/users\/2"}],"replies":[{"embeddable":true,"href":"http:\/\/www.radiodigitaltamazunchale.com\/landing\/wp-json\/wp\/v2\/comments?post=24224"}],"version-history":[{"count":1,"href":"http:\/\/www.radiodigitaltamazunchale.com\/landing\/wp-json\/wp\/v2\/posts\/24224\/revisions"}],"predecessor-version":[{"id":24226,"href":"http:\/\/www.radiodigitaltamazunchale.com\/landing\/wp-json\/wp\/v2\/posts\/24224\/revisions\/24226"}],"wp:featuredmedia":[{"embeddable":true,"href":"http:\/\/www.radiodigitaltamazunchale.com\/landing\/wp-json\/wp\/v2\/media\/24225"}],"wp:attachment":[{"href":"http:\/\/www.radiodigitaltamazunchale.com\/landing\/wp-json\/wp\/v2\/media?parent=24224"}],"wp:term":[{"taxonomy":"category","embeddable":true,"href":"http:\/\/www.radiodigitaltamazunchale.com\/landing\/wp-json\/wp\/v2\/categories?post=24224"},{"taxonomy":"post_tag","embeddable":true,"href":"http:\/\/www.radiodigitaltamazunchale.com\/landing\/wp-json\/wp\/v2\/tags?post=24224"}],"curies":[{"name":"wp","href":"https:\/\/api.w.org\/{rel}","templated":true}]}}