{"id":24918,"date":"2019-05-21T14:58:48","date_gmt":"2019-05-21T20:58:48","guid":{"rendered":"http:\/\/www.radiodigitaltamazunchale.com\/landing\/?p=24918"},"modified":"2019-05-21T14:58:51","modified_gmt":"2019-05-21T20:58:51","slug":"realiza-la-comision-de-salud-el-foro-siglo-xxi-realidades-retos-y-oportunidades-de-la-tercera-edad","status":"publish","type":"post","link":"http:\/\/www.radiodigitaltamazunchale.com\/landing\/uncategorized\/realiza-la-comision-de-salud-el-foro-siglo-xxi-realidades-retos-y-oportunidades-de-la-tercera-edad\/","title":{"rendered":"REALIZA LA COMISI\u00d3N DE SALUD EL FORO \u201cSIGLO XXI, REALIDADES, RETOS Y OPORTUNIDADES DE LA TERCERA EDAD\u201d"},"content":{"rendered":"\n<p><strong>DESDE\nEL CONGRESO DEL ESTADO SE TRABAJA PARA IMPULSAR LEYES QUE COADYUVEN A UNA MEJOR\nCALIDAD DE VIDA Y ENFRENTAR UN ENVEJECIMIENTO LLEVADERO: DIPUTADA ANG\u00c9LICA\nMENDOZA<\/strong><\/p>\n\n\n\n<p>El maltrato de las personas mayores es un problema\nimportante de salud p\u00fablica, pues se calcula que una de cada 10 personas\nmayores ha sufrido malos tratos, incluso desde sus propias familias. <\/p>\n\n\n\n<p>Por lo anterior, desde el Congreso del Estado se trabaja\npara impulsar leyes que permitan garantizar una mejor calidad de vida para\nenfrentar un envejecimiento llevadero, tomando en cuenta que para el a\u00f1o 2030\nmayoritariamente seremos personas adultas mayores.<\/p>\n\n\n\n<p>As\u00ed lo se\u00f1al\u00f3 la diputada Ang\u00e9lica Mendoza Camacho, al\ninaugurar el Foro \u201cSiglo XXI, Realidades, Retos y Oportunidades de la Tercera\nEdad\u201d que se desarrolla en las instalaciones del Auditorio de la Universidad\nPolit\u00e9cnica este 21 y 22 de mayo. <\/p>\n\n\n\n<p>Al evento asistieron la presidenta de la Directiva del\nCongreso del Estado diputada Sonia Mendoza D\u00edaz, el Gobernador del Estado Juan\nManuel Carreras L\u00f3pez, el presidente del Poder Judicial magistrado Juan Paulo\nAlmaz\u00e1n Cue, la presidenta del sistema DIF Estatal Lorena Valle Rodr\u00edguez, el\nSecretario T\u00e9cnico del Consejo Interinstitucional Gerontol\u00f3gico Luis Antonio\nChaires Garc\u00eda, el delegado de los Programas Federales de la Secretar\u00eda del\nBienestar Gabino Morales Mendoza, el Fiscal General del Estado Federico Garza\nHerrera y el rector de la Universidad Polit\u00e9cnica Francisco Xavier Delgado.<\/p>\n\n\n\n<p>Durante su mensaje de apertura del Foro Siglo XXI,\nRealidades, Retos y Oportunidades de la Tercera Edad, la presidenta de la\nComisi\u00f3n de Salud y Asistencia Social de la LXII Legislatura diputada Ang\u00e9lica\nMendoza Camacho, destac\u00f3 que este evento pretende abordar temas sustanciales\ncomo la transici\u00f3n que la poblaci\u00f3n en general tendr\u00e1\u0301 hacia el envejecimiento\nen el sentido de conocer cu\u00e1les son y ser\u00e1n los padecimientos f\u00edsicos que nos aquejan\na la poblaci\u00f3n, as\u00ed\u0301 como la forma de prevenirlos es sin duda, de suma\nimportancia abordarlos para lograr un envejecimiento llevadero.<\/p>\n\n\n\n<p>La legisladora Mendoza Camacho, sostuvo que el desarrollo\nde este foro, representa el inicio de un trabajo m\u00e1s profundo, que tiene como\nobjetivo revisar las pol\u00edticas p\u00fablicas desde el \u00e1mbito legislativo de la\nsituaci\u00f3n que viven los adultos mayores en nuestro Estado. \u201cEncontrarse en la\netapa de ser una persona \u201cadulta mayor\u201d significa entrar a la s\u00e9ptima etapa del\ndesarrollo de la vida. Es pues, la continuaci\u00f3n de la etapa de la adultez y es\nla etapa final de la vida. Su inicio regularmente se da a los 60 a\u00f1os de edad y\ntiene su evoluci\u00f3n hasta el momento del fallecimiento\u201d, acot\u00f3.<\/p>\n\n\n\n<p>Tambi\u00e9n se\u00f1al\u00f3 que a los seres humanos que est\u00e1n dentro\nde esta etapa del desarrollo humano los denominamos \u201cadultos mayores\u201d tienen\nefectos, s\u00edntomas o evidencias visibles diferentes, ya que no s\u00f3lo dependen de\nsu sexo y estado de salud en esta etapa, sino que tambi\u00e9n recobra mucha\nimportancia tanto el nivel de actividad que haya desempe\u00f1ado en etapas previas\nde su desarrollo y el nivel de actividad que desempe\u00f1e la persona adulta mayor\ndurante esa misma etapa. <\/p>\n\n\n\n<p>Adem\u00e1s, destac\u00f3 que este evento tambi\u00e9n pretende abordar\ntemas sustanciales como la transici\u00f3n que la poblaci\u00f3n en general tendr\u00e1\u0301 hacia\nel envejecimiento en el sentido de conocer cu\u00e1les son y ser\u00e1n los padecimientos\nf\u00edsicos que nos aquejan a la poblaci\u00f3n, as\u00ed como la forma de prevenirlos es sin\nduda, de suma importancia abordarlos para lograr un envejecimiento llevadero.<\/p>\n\n\n\n<p>Dijo que es de vital importancia \u201chacernos conscientes de\nc\u00f3mo ha sido visto el proceso de envejecimiento hist\u00f3ricamente, pues a nadie le\ngustar\u00eda llegar a este, en muchas de las ocasiones nos encontramos que los adultos\nmayores son vistos m\u00e1s como una carga y no una fuente de sabidur\u00eda por su\nconocimiento adquirido durante su proceso de vida, en este sentido es\ninsoslayable hacer caso omiso en la generaci\u00f3n de una nueva forma de pensar y\nde actuar que establezca un nuevo paradigma sobre las personas adultas mayores,\ncon ello quiero decir lograr un ambiente en el que podamos hacerlas sentir\nseguras, aceptadas y valoradas, ya sea por su familia o por la sociedad misma,\nsin olvidar que aqu\u00ed\u0301 confluye una nueva visi\u00f3n respecto de las relaciones\nintergeneracionales ya que todo joven llegar\u00e1 a ser adulto mayor y todo adulto\nmayor fue joven alguna vez\u201d.<\/p>\n\n\n\n<p>\u201cEl panorama que al d\u00eda de hoy les presento, es poco\nalentador, porque ha ello hemos de sumar el maltrato de las personas mayores\nque puede ser un acto \u00fanico o repetido causando da\u00f1o o sufrimiento a una\npersona de edad, o la falta de medidas apropiadas para evitarlo, que se produce\nen una relaci\u00f3n basada en la confianza. Si bien existen diversos mecanismos\njur\u00eddicos para proteger sus derechos humanos la violencia hacia las personas\nadultas mayores constituye una violaci\u00f3n de los derechos humanos e incluye el\nmaltrato f\u00edsico, sexual, psicol\u00f3gico o emocional; la violencia por razones\necon\u00f3micas o materiales; el abandono; la negligencia; y el menoscabo grave de\ndignidad y la falta de respeto\u201d, expuso.<\/p>\n\n\n\n<p>Por su parte, la presidenta de la Directiva de la LXII\nLegislatura diputada Sonia Mendoza D\u00edaz, reconoci\u00f3 que Foro \u201cSiglo XXI,\nRealidades, Retos y Oportunidades de la Tercera Edad\u201d, permitir\u00e1 lograr la\nvisibilizaci\u00f3n de las problem\u00e1ticas a las que tienen que hacer frente las\npersonas adultas mayores en San Luis Potos\u00ed\u0301.<\/p>\n\n\n\n<p>Sostuvo que \u201clo anterior, nos debe guiar en la\nidentificaci\u00f3n de las brechas de protecci\u00f3n de los derechos de las personas\nadultas mayores en San Luis Potos\u00ed\u0301, no solo desde las pol\u00edticas p\u00fablicas sino\npara reconocer los pendientes legislativos de esta poblaci\u00f3n; lo que a su vez\nnos permitir\u00e1\u0301 no solo dar certeza jur\u00eddica para mejorar la calidad de vida\nsino tambi\u00e9n para dar cumplimiento a los compromisos asumidos desde la\nConvenci\u00f3n Interamericana sobre la Protecci\u00f3n de los Derechos Humanos de las\nPersonas Adulta Mayores\u201d, a\u00f1adi\u00f3.<\/p>\n\n\n\n<p>Dijo que entender el envejecimiento es congruente con un\nmiraje de avanzada para cubrir los \u00e1mbitos de intervenci\u00f3n poniendo nuestro\ntrabajo a disposici\u00f3n de un fen\u00f3meno complejo que no se ve transversalizado en\nlas decisiones que tomamos en la planificaci\u00f3n del desarrollo, las pol\u00edticas\nsociales, o de las decisiones legislativas; y que impactaran en la ciudad como\nen las comunidades, y las localidades ind\u00edgenas.<\/p>\n\n\n\n<p>La diputada Sonia Mendoza, sostuvo que de acuerdo al\ninforme de las Naciones Unidas, en la actualidad se registra una poblaci\u00f3n de\n76,3 millones de personas adultas mayores en Am\u00e9rica Latina y el Caribe, que\nrepresenta el 11,8% de la poblaci\u00f3n total regional. \u201cEn ese sentido, para el\n2030 esta poblaci\u00f3n ascender\u00e1\u0301 a 121 millones de personas, lo que se proyecta\nque representar\u00e1 el 17% de la poblaci\u00f3n en la regi\u00f3n. Y, si continuamos con la\nproyecci\u00f3n de cifras, para el 2060 el envejecimiento estar\u00e1\u0301 presente en\npr\u00e1cticamente todos los pa\u00edses de la regi\u00f3n, lo que representar\u00e1 en ese\nmomento el 30% de la poblaci\u00f3n regional con un total de 234 millones de\npersonas\u201d.<\/p>\n\n\n\n<p>Por su parte, el gobernador del estado Juan Manuel\nCarreras L\u00f3pez, reconoci\u00f3 el esfuerzo del Congreso del Estado, por organizar\neste foro, denominado \u201cSiglo XXI, Realidades, Retos y Oportunidades de la\nTercera Edad\u201d, pues dijo que \u201cseremos una mejor sociedad en la medida de que\nnuestros adultos tengan una mejor calidad de vida y esto implica, trabajar de\nahora, en generar las condiciones de salud, empleabilidad para este sector y\nsobre todo que tengan el acceso a recursos econ\u00f3micos que les permita enfrentar\nla vejez con una mejor calidad de vida. Los retos que implica vivir m\u00e1s tiempo,\ntambi\u00e9n contempla&nbsp; analizar las pol\u00edticas\nsociales para que se involucren a todos los sectores, porque es un reto social\ny como tal, debemos enfrentarlo de manera conjunta para crear los espacios y\nlas oportunidades para nuestras personas adultas\u201d.<\/p>\n","protected":false},"excerpt":{"rendered":"<p>DESDE EL CONGRESO DEL ESTADO SE TRABAJA PARA IMPULSAR LEYES QUE COADYUVEN A UNA MEJOR CALIDAD DE VIDA Y ENFRENTAR<\/p>\n","protected":false},"author":2,"featured_media":24920,"comment_status":"open","ping_status":"open","sticky":false,"template":"","format":"standard","meta":[],"categories":[1],"tags":[],"_links":{"self":[{"href":"http:\/\/www.radiodigitaltamazunchale.com\/landing\/wp-json\/wp\/v2\/posts\/24918"}],"collection":[{"href":"http:\/\/www.radiodigitaltamazunchale.com\/landing\/wp-json\/wp\/v2\/posts"}],"about":[{"href":"http:\/\/www.radiodigitaltamazunchale.com\/landing\/wp-json\/wp\/v2\/types\/post"}],"author":[{"embeddable":true,"href":"http:\/\/www.radiodigitaltamazunchale.com\/landing\/wp-json\/wp\/v2\/users\/2"}],"replies":[{"embeddable":true,"href":"http:\/\/www.radiodigitaltamazunchale.com\/landing\/wp-json\/wp\/v2\/comments?post=24918"}],"version-history":[{"count":1,"href":"http:\/\/www.radiodigitaltamazunchale.com\/landing\/wp-json\/wp\/v2\/posts\/24918\/revisions"}],"predecessor-version":[{"id":24921,"href":"http:\/\/www.radiodigitaltamazunchale.com\/landing\/wp-json\/wp\/v2\/posts\/24918\/revisions\/24921"}],"wp:featuredmedia":[{"embeddable":true,"href":"http:\/\/www.radiodigitaltamazunchale.com\/landing\/wp-json\/wp\/v2\/media\/24920"}],"wp:attachment":[{"href":"http:\/\/www.radiodigitaltamazunchale.com\/landing\/wp-json\/wp\/v2\/media?parent=24918"}],"wp:term":[{"taxonomy":"category","embeddable":true,"href":"http:\/\/www.radiodigitaltamazunchale.com\/landing\/wp-json\/wp\/v2\/categories?post=24918"},{"taxonomy":"post_tag","embeddable":true,"href":"http:\/\/www.radiodigitaltamazunchale.com\/landing\/wp-json\/wp\/v2\/tags?post=24918"}],"curies":[{"name":"wp","href":"https:\/\/api.w.org\/{rel}","templated":true}]}}