{"id":24934,"date":"2019-05-21T16:43:06","date_gmt":"2019-05-21T22:43:06","guid":{"rendered":"http:\/\/www.radiodigitaltamazunchale.com\/landing\/?p=24934"},"modified":"2019-05-21T16:43:07","modified_gmt":"2019-05-21T22:43:07","slug":"acceso-de-las-y-los-adultos-mayores-a-una-mejor-calidad-de-vida-nos-fortalece-como-sociedad-jm-carreras","status":"publish","type":"post","link":"http:\/\/www.radiodigitaltamazunchale.com\/landing\/uncategorized\/acceso-de-las-y-los-adultos-mayores-a-una-mejor-calidad-de-vida-nos-fortalece-como-sociedad-jm-carreras\/","title":{"rendered":"ACCESO DE LAS Y LOS ADULTOS MAYORES A UNA MEJOR CALIDAD DE VIDA NOS FORTALECE COMO SOCIEDAD: JM CARRERAS"},"content":{"rendered":"\n<p><strong>\u2022 Gobernador participa en inauguraci\u00f3n del foro\n\u201cSiglo XXI, realidades, retos y oportunidades de la tercera edad\u00bb.<\/strong><\/p>\n\n\n\n<p><strong>\u2022 Instituciones, sociedad civil y sector\nempresarial dialogar\u00e1n sobre las problem\u00e1ticas del sector para dise\u00f1ar leyes y\npol\u00edticas p\u00fablicas adecuadas.<\/strong><\/p>\n\n\n\n<p>Tras participar en la inauguraci\u00f3n del foro\n\u00abSiglo XXI, realidades, retos y oportunidades de la Tercera Edad\u00bb, el\nGobernador del Estado, Juan Manuel Carreras L\u00f3pez, destac\u00f3 la importancia de\nestablecer espacios donde se fomenta el di\u00e1logo entre instituciones, sociedad\ncivil y sector empresarial, para el dise\u00f1o de leyes y pol\u00edticas que den mejor\ncalidad de vida a este sector. <\/p>\n\n\n\n<p>Acompa\u00f1ado de la Presidenta de la Junta\nDirectiva del DIF Estatal, Lorena Valle Rodr\u00edguez, Carreras L\u00f3pez, indic\u00f3 que\nen las \u00faltimas d\u00e9cadas crecieron las expectativas de vida tanto en hombres como\nmujeres, esto propicia la aparici\u00f3n de nuevos retos y realidades para los\nadultos mayores, en esto, sociedad y gobierno \u2013dijo- deben intervenir para\nayudarles a superarlos. <\/p>\n\n\n\n<p>\u201cTenemos que reconocer las diversas\nproblem\u00e1ticas, identificar factores, es un reto social para eso es este foro, se\ndeben propiciar esquemas que otorguen el acceso de las personas de la tercera\nedad a mejores servicios de salud, bienestar econ\u00f3mico y familiar y una sana convivencia\nsocial\u201d, indic\u00f3 el Jefe del Ejecutivo. <\/p>\n\n\n\n<p>El mandatario estatal, dijo que seremos una\nmejor sociedad en la medida que nuestros a adultos mayores tengan una mejor\ncalidad de vida, en esta tarea, ofreci\u00f3 todo el respaldo de su Administraci\u00f3n\npara alcanzar objetivos. <\/p>\n\n\n\n<p>Sonia Mendoza D\u00edaz Presidenta de la Directiva\ndel Congreso del Estado, dijo que el objetivo principal de este di\u00e1logo\ncircular es identificar las brechas en materia de derechos humanos y protecci\u00f3n\nde este sector, as\u00ed como atender el mandato de la Convenci\u00f3n Interamericana\nsobre la Protecci\u00f3n de los Derechos Humanos de las Personas Mayores. <\/p>\n\n\n\n<p>Agreg\u00f3 que en 2017 hab\u00eda 77 millones de\npersonas mayores en Am\u00e9rica Latina y el Caribe, pero para el 2030 habr\u00e1 121\nmillones de acuerdo a estimaciones de las Naciones Unidas, por tanto, inst\u00f3 a\nlos tres poderes del Estado a trabajar coordinadamente para establecer esquemas\nque mejoren su situaci\u00f3n. <\/p>\n\n\n\n<p>A este evento\nasistieron Juan Paulo Almaz\u00e1n Cu\u00e9, Presidente del Supremo Tribunal de Justicia\ny del Consejo de la Judicatura del Estado; Federico Garza Herrera, Fiscal\nGeneral del Estado; Francisco Javier Delgado Rojas, rector de la Universidad\nPolit\u00e9cnica de San Luis Potos\u00ed; Ang\u00e9lica Mendoza Camacho, Presidenta de la\nComisi\u00f3n de Salud y Asistencia Social del Congreso del Estado; Luis Antonio\nChaires Garc\u00eda, Secretario T\u00e9cnico del Consejo Interinstitucional Gerontol\u00f3gico\ny Gabino Morales Mendoza, Delegado Federal de Programas Integrales de\nDesarrollo.&nbsp; <\/p>\n","protected":false},"excerpt":{"rendered":"<p>\u2022 Gobernador participa en inauguraci\u00f3n del foro \u201cSiglo XXI, realidades, retos y oportunidades de la tercera edad\u00bb. \u2022 Instituciones, sociedad<\/p>\n","protected":false},"author":2,"featured_media":24935,"comment_status":"open","ping_status":"open","sticky":false,"template":"","format":"standard","meta":[],"categories":[1],"tags":[],"_links":{"self":[{"href":"http:\/\/www.radiodigitaltamazunchale.com\/landing\/wp-json\/wp\/v2\/posts\/24934"}],"collection":[{"href":"http:\/\/www.radiodigitaltamazunchale.com\/landing\/wp-json\/wp\/v2\/posts"}],"about":[{"href":"http:\/\/www.radiodigitaltamazunchale.com\/landing\/wp-json\/wp\/v2\/types\/post"}],"author":[{"embeddable":true,"href":"http:\/\/www.radiodigitaltamazunchale.com\/landing\/wp-json\/wp\/v2\/users\/2"}],"replies":[{"embeddable":true,"href":"http:\/\/www.radiodigitaltamazunchale.com\/landing\/wp-json\/wp\/v2\/comments?post=24934"}],"version-history":[{"count":1,"href":"http:\/\/www.radiodigitaltamazunchale.com\/landing\/wp-json\/wp\/v2\/posts\/24934\/revisions"}],"predecessor-version":[{"id":24936,"href":"http:\/\/www.radiodigitaltamazunchale.com\/landing\/wp-json\/wp\/v2\/posts\/24934\/revisions\/24936"}],"wp:featuredmedia":[{"embeddable":true,"href":"http:\/\/www.radiodigitaltamazunchale.com\/landing\/wp-json\/wp\/v2\/media\/24935"}],"wp:attachment":[{"href":"http:\/\/www.radiodigitaltamazunchale.com\/landing\/wp-json\/wp\/v2\/media?parent=24934"}],"wp:term":[{"taxonomy":"category","embeddable":true,"href":"http:\/\/www.radiodigitaltamazunchale.com\/landing\/wp-json\/wp\/v2\/categories?post=24934"},{"taxonomy":"post_tag","embeddable":true,"href":"http:\/\/www.radiodigitaltamazunchale.com\/landing\/wp-json\/wp\/v2\/tags?post=24934"}],"curies":[{"name":"wp","href":"https:\/\/api.w.org\/{rel}","templated":true}]}}