{"id":24977,"date":"2019-05-23T13:57:29","date_gmt":"2019-05-23T19:57:29","guid":{"rendered":"http:\/\/www.radiodigitaltamazunchale.com\/landing\/?p=24977"},"modified":"2019-05-23T13:57:30","modified_gmt":"2019-05-23T19:57:30","slug":"slp-con-la-tasa-de-desocupacion-mas-baja-entre-estados-del-centro-bajio-stps","status":"publish","type":"post","link":"http:\/\/www.radiodigitaltamazunchale.com\/landing\/uncategorized\/slp-con-la-tasa-de-desocupacion-mas-baja-entre-estados-del-centro-bajio-stps\/","title":{"rendered":"SLP CON LA TASA DE DESOCUPACI\u00d3N M\u00c1S BAJA ENTRE ESTADOS DEL CENTRO-BAJ\u00cdO: STPS"},"content":{"rendered":"\n<p><\/p>\n\n\n\n<p><\/p>\n\n\n\n<p>&#8211; Con 2.19 por ciento, SLP presenta una tasa inferior a Quer\u00e9taro, Jalisco, Guanajuato y<br> Aguascalientes.<br> &#8211; A nivel nacional SLP ocupa el quinto lugar con menor desocupaci\u00f3n laboral.<br> Con una tasa de desocupaci\u00f3n de 2.19 en el primer trimestre del 2019, San Luis Potos\u00ed<br> presenta el \u00edndice m\u00e1s bajo entre los estados de la regi\u00f3n Centro-Baj\u00edo, integrada por<br> Quer\u00e9taro, Jalisco, Guanajuato y Aguascalientes, con base en la Encuesta Nacional de<br> Ocupaci\u00f3n y Empleo (ENOE) difundida por el INEGI el 16 de mayo, inform\u00f3 el Secretario<br> del Trabajo y Previsi\u00f3n Social (STPS), Manuel Lozano Nieto.<br> Lozano Nieto, destac\u00f3 que, con esta cifra, a nivel nacional la entidad se coloc\u00f3 en el quinto<br> lugar con menor tasa de desocupaci\u00f3n laboral, s\u00f3lo por debajo de Yucat\u00e1n, Oaxaca,<br> Guerrero y Morelos que mostraron 1.67, 1.81, 1.81 y 2.06 por ciento, respectivamente.<br> Respecto a los estados integrantes de la alianza Centro-Baj\u00edo, el funcionario, indic\u00f3 que<br> Quer\u00e9taro mostr\u00f3 una tasa de 2.66 por ciento, Jalisco 2.83 por ciento, Aguascalientes 3.33<br> por ciento y Guanajuato con 3.89 por ciento.<br> El Secretario del Trabajo, explic\u00f3 que este valor se refiere al porcentaje de la Poblaci\u00f3n<br> Econ\u00f3micamente Activa (PEA) que no trabaj\u00f3 ni siquiera una hora durante la semana<br> sobre la que fue encuestada, pero manifest\u00f3 su disposici\u00f3n para hacerlo e hizo alg\u00fan<br> esfuerzo por obtener empleo.<br> Lozano Nieto, concluy\u00f3 que la entidad posee el lugar 17 en M\u00e9xico en la tasa de<br> informalidad laboral, con un 56.7 por ciento, ubic\u00e1ndose por debajo de la media nacional<br> que es del 56.9 por ciento.<\/p>\n","protected":false},"excerpt":{"rendered":"<p>&#8211; Con 2.19 por ciento, SLP presenta una tasa inferior a Quer\u00e9taro, Jalisco, Guanajuato y Aguascalientes. &#8211; A nivel nacional<\/p>\n","protected":false},"author":2,"featured_media":24978,"comment_status":"open","ping_status":"open","sticky":false,"template":"","format":"standard","meta":[],"categories":[1],"tags":[],"_links":{"self":[{"href":"http:\/\/www.radiodigitaltamazunchale.com\/landing\/wp-json\/wp\/v2\/posts\/24977"}],"collection":[{"href":"http:\/\/www.radiodigitaltamazunchale.com\/landing\/wp-json\/wp\/v2\/posts"}],"about":[{"href":"http:\/\/www.radiodigitaltamazunchale.com\/landing\/wp-json\/wp\/v2\/types\/post"}],"author":[{"embeddable":true,"href":"http:\/\/www.radiodigitaltamazunchale.com\/landing\/wp-json\/wp\/v2\/users\/2"}],"replies":[{"embeddable":true,"href":"http:\/\/www.radiodigitaltamazunchale.com\/landing\/wp-json\/wp\/v2\/comments?post=24977"}],"version-history":[{"count":1,"href":"http:\/\/www.radiodigitaltamazunchale.com\/landing\/wp-json\/wp\/v2\/posts\/24977\/revisions"}],"predecessor-version":[{"id":24979,"href":"http:\/\/www.radiodigitaltamazunchale.com\/landing\/wp-json\/wp\/v2\/posts\/24977\/revisions\/24979"}],"wp:featuredmedia":[{"embeddable":true,"href":"http:\/\/www.radiodigitaltamazunchale.com\/landing\/wp-json\/wp\/v2\/media\/24978"}],"wp:attachment":[{"href":"http:\/\/www.radiodigitaltamazunchale.com\/landing\/wp-json\/wp\/v2\/media?parent=24977"}],"wp:term":[{"taxonomy":"category","embeddable":true,"href":"http:\/\/www.radiodigitaltamazunchale.com\/landing\/wp-json\/wp\/v2\/categories?post=24977"},{"taxonomy":"post_tag","embeddable":true,"href":"http:\/\/www.radiodigitaltamazunchale.com\/landing\/wp-json\/wp\/v2\/tags?post=24977"}],"curies":[{"name":"wp","href":"https:\/\/api.w.org\/{rel}","templated":true}]}}