{"id":24993,"date":"2019-05-23T15:37:11","date_gmt":"2019-05-23T21:37:11","guid":{"rendered":"http:\/\/www.radiodigitaltamazunchale.com\/landing\/?p=24993"},"modified":"2019-05-23T15:37:12","modified_gmt":"2019-05-23T21:37:12","slug":"presentan-premio-san-luis-potosi-de-gobierno-abierto-2019","status":"publish","type":"post","link":"http:\/\/www.radiodigitaltamazunchale.com\/landing\/uncategorized\/presentan-premio-san-luis-potosi-de-gobierno-abierto-2019\/","title":{"rendered":"PRESENTAN PREMIO SAN LUIS POTOS\u00cd DE GOBIERNO ABIERTO 2019"},"content":{"rendered":"\n<ul><li><strong>Mesa Directiva del\nPremio y Contralor\u00eda dan a conocer convocatoria de la edici\u00f3n de este a\u00f1o. <\/strong><\/li><li><strong>Reconocer\u00e1n los mejores\nproyectos en materia de transparencia y rendici\u00f3n de cuentas gubernamental. <\/strong><\/li><li><strong>El periodo establecido\npara presentar iniciativas es del 23 de mayo al 20 de octubre del presente a\u00f1o.<\/strong><\/li><\/ul>\n\n\n\n<p>La Coordinadora de la Mesa Directiva del\nPremio San Luis Potos\u00ed de Gobierno Abierto, Clara Leticia Serment Cabrera, con\nla presencia del Contralor General del Estado, Jos\u00e9 Gabriel Rosillo Iglesias, presentaron\nla Convocatoria de la edici\u00f3n 2019, que tiene como objetivo reconocer a los\nmejores proyectos en la materia e impulsar la colaboraci\u00f3n de la sociedad civil\nen la generaci\u00f3n de ideas e iniciativas que fortalezcan la transparencia y\nrendici\u00f3n de cuentas gubernamental.<\/p>\n\n\n\n<p>En el marco del Foro Potosino de Gobierno\nAbierto, Rosillo Iglesias, indic\u00f3 que la participaci\u00f3n est\u00e1 divida en tres\ncategor\u00edas: iniciativas de la sociedad civil, iniciativas gubernamentales\nmunicipales e iniciativas gubernamentales estatales. <\/p>\n\n\n\n<p>El Contralor General del Estado, destac\u00f3 que\nestos proyectos pueden ser presentados por organismos no gubernamentales,\ncentros de investigaci\u00f3n, instituciones educativas del nivel superior, as\u00ed como\nestudiantes, acad\u00e9micos y sociedad civil.<\/p>\n\n\n\n<p>Agreg\u00f3 que las dependencias y entidades de\ncualquiera de los 58 municipios que integran el estado podr\u00e1n hacerlo en la\ngubernamental municipal y aquellas dependencias y entidades del Ejecutivo en la\ncategor\u00eda gubernamental estatal.<\/p>\n\n\n\n<p>Rosillo Iglesias, dijo que las iniciativas\ndeben ser orientadas a generar espacios de participaci\u00f3n ciudadana, mejorar la\ncalidad y valor de la informaci\u00f3n p\u00fablica, y\/o mejorar tr\u00e1mites y servicios que\nofrecen tanto los gobiernos municipales como el estatal, tomando como eje los 4\npilares de Gobierno Abierto: transparencia, participaci\u00f3n ciudadana, rendici\u00f3n\nde cuentas e innovaci\u00f3n.<\/p>\n\n\n\n<p>Adem\u00e1s, los proyectos participantes ser\u00e1n\nevaluados por un comit\u00e9 de evaluaci\u00f3n designado por la Mesa Directiva del\nPremio, quienes realizar\u00e1n el fallo de las iniciativas registradas en el\nperiodo establecido por la convocatoria del 23 de mayo al 20 de octubre del\npresente a\u00f1o.<\/p>\n\n\n\n<p>El Grupo Evaluador otorgara el Premio San\nLuis Potos\u00ed de Gobierno Abierto a los dos primeros lugares de cada una de las\ncategor\u00edas convocadas. <\/p>\n\n\n\n<p>El funcionario, se\u00f1al\u00f3 que la edici\u00f3n 2018\ndel premio registr\u00f3 57 propuestas dentro de las tres categor\u00edas participantes, el\n44 por ciento de ellas proven\u00edan de la sociedad civil. Los ganadores del primer\nlugar por cada categor\u00eda fueron: Desarrollo Rural de San Luis Potos\u00ed, A.C,\nSeguro Popular y el DIF Estatal quienes han trabajado junto a la Contralor\u00eda\nGeneral del Estado para colocar las iniciativas en el contexto y puedan ser\nconcretados en beneficio de la sociedad civil.<\/p>\n\n\n\n<p>Finalmente, el Contralor General del Estado,\nJos\u00e9 Gabriel Rosillo Iglesias, indic\u00f3 que la convocatoria puede ser consultada\nen la p\u00e1gina web <a href=\"http:\/\/www.premiosanluisgobiernoabierto.org\">www.premiosanluisgobiernoabierto.org<\/a>.<\/p>\n\n\n\n<p>A esta presentaci\u00f3n asistieron Joel Salas\nSu\u00e1rez, Comisionado en Instituto Federal de Acceso a la Informaci\u00f3n P\u00fablica; Alfredo\nElizondo Rosales, Coordinador del N\u00facleo de organizaciones de la Sociedad Civil;\nPaulina S\u00e1nchez P\u00e9rez del Pozo, Comisionada Estatal de Garant\u00eda de Acceso a la\nInformaci\u00f3n P\u00fablica, el Presidente del Colegio de San Luis, Eduardo V\u00e1zquez\nSalguero y funcionarios del Gabinete Legal del Gobierno del Estado. <\/p>\n","protected":false},"excerpt":{"rendered":"<p>Mesa Directiva del Premio y Contralor\u00eda dan a conocer convocatoria de la edici\u00f3n de este a\u00f1o. Reconocer\u00e1n los mejores proyectos<\/p>\n","protected":false},"author":2,"featured_media":24995,"comment_status":"open","ping_status":"open","sticky":false,"template":"","format":"standard","meta":[],"categories":[1],"tags":[],"_links":{"self":[{"href":"http:\/\/www.radiodigitaltamazunchale.com\/landing\/wp-json\/wp\/v2\/posts\/24993"}],"collection":[{"href":"http:\/\/www.radiodigitaltamazunchale.com\/landing\/wp-json\/wp\/v2\/posts"}],"about":[{"href":"http:\/\/www.radiodigitaltamazunchale.com\/landing\/wp-json\/wp\/v2\/types\/post"}],"author":[{"embeddable":true,"href":"http:\/\/www.radiodigitaltamazunchale.com\/landing\/wp-json\/wp\/v2\/users\/2"}],"replies":[{"embeddable":true,"href":"http:\/\/www.radiodigitaltamazunchale.com\/landing\/wp-json\/wp\/v2\/comments?post=24993"}],"version-history":[{"count":1,"href":"http:\/\/www.radiodigitaltamazunchale.com\/landing\/wp-json\/wp\/v2\/posts\/24993\/revisions"}],"predecessor-version":[{"id":24996,"href":"http:\/\/www.radiodigitaltamazunchale.com\/landing\/wp-json\/wp\/v2\/posts\/24993\/revisions\/24996"}],"wp:featuredmedia":[{"embeddable":true,"href":"http:\/\/www.radiodigitaltamazunchale.com\/landing\/wp-json\/wp\/v2\/media\/24995"}],"wp:attachment":[{"href":"http:\/\/www.radiodigitaltamazunchale.com\/landing\/wp-json\/wp\/v2\/media?parent=24993"}],"wp:term":[{"taxonomy":"category","embeddable":true,"href":"http:\/\/www.radiodigitaltamazunchale.com\/landing\/wp-json\/wp\/v2\/categories?post=24993"},{"taxonomy":"post_tag","embeddable":true,"href":"http:\/\/www.radiodigitaltamazunchale.com\/landing\/wp-json\/wp\/v2\/tags?post=24993"}],"curies":[{"name":"wp","href":"https:\/\/api.w.org\/{rel}","templated":true}]}}