{"id":25000,"date":"2019-05-24T08:02:52","date_gmt":"2019-05-24T14:02:52","guid":{"rendered":"http:\/\/www.radiodigitaltamazunchale.com\/landing\/?p=25000"},"modified":"2019-05-25T08:08:44","modified_gmt":"2019-05-25T14:08:44","slug":"manuel-lozano-destaca-el-congreso-internacional-de-gestores-de-capital-humano","status":"publish","type":"post","link":"http:\/\/www.radiodigitaltamazunchale.com\/landing\/uncategorized\/manuel-lozano-destaca-el-congreso-internacional-de-gestores-de-capital-humano\/","title":{"rendered":"MANUEL LOZANO DESTACA EL CONGRESO INTERNACIONAL DE GESTORES DE CAPITAL HUMANO"},"content":{"rendered":"\n<p><\/p>\n\n\n\n<p><\/p>\n\n\n\n<p>&#8211; Contribuye a mantener el dinamismo y crecimiento de la entidad.<br> &#8211; Es un reconocimiento al liderazgo en capacitaci\u00f3n para SLP.<br> Tras inaugurar la 7a. Edici\u00f3n del Congreso Internacional de Gestores de Capital Humano,<br> que fue organizado por la Asociaci\u00f3n de Ejecutivos de la Gesti\u00f3n del Talento Humano de<br> San Luis Potos\u00ed (ADERIAC), el Secretario del Trabajo y Previsi\u00f3n Social del Gobierno del<br> Estado (STPS), Manuel Lozano Nieto,&nbsp;destac\u00f3 que este evento es un ejemplo del<br> dinamismo y crecimiento de la entidad.<br> Manuel Lozano Nieto se\u00f1al\u00f3 que San Luis Potos\u00ed mantiene su crecimiento econ\u00f3mico, lo<br> que obliga a que los gestores de capital humano, especialmente en la industria, est\u00e9n<br> mejor preparados, mejor capacitados y con mejores herramientas \u201cpor ello celebr\u00f3 que<br> ADERIAC haya evolucionado en este congreso tratando temas tan importantes como la<br> era de la digitalizaci\u00f3n y la revoluci\u00f3n 4.0\u201d dijo.<br> Cabe mencionar que la 7a. Edici\u00f3n del Congreso Internacional de Gestores de Capital<br> Humano se desarrolla este 23 y 24 de mayo en las instalaciones del Centro de<br> Convenciones (CCSLP) y cuenta con la participaci\u00f3n de conferencistas de primer nivel en el<br> \u00e1mbito laboral internacional.&nbsp;<br> Est\u00e1 dirigido especialmente a gerentes y ejecutivos de recursos humanos, as\u00ed como a<br> directores de \u00e1reas funcionales y personas que tienen bajo su responsabilidad el trabajo<br> de otras personas.<br> Lozano Nieto destac\u00f3 la paz y la estabilidad laboral que existe en nuestro Estado, situaci\u00f3n<br> que prevalecer\u00e1 de mantenerse como hasta hoy, la estrecha colaboraci\u00f3n que ha existido<br> entre sociedad y gobierno.<\/p>\n","protected":false},"excerpt":{"rendered":"<p>&#8211; Contribuye a mantener el dinamismo y crecimiento de la entidad. &#8211; Es un reconocimiento al liderazgo en capacitaci\u00f3n para<\/p>\n","protected":false},"author":2,"featured_media":25001,"comment_status":"open","ping_status":"open","sticky":false,"template":"","format":"standard","meta":[],"categories":[1],"tags":[],"_links":{"self":[{"href":"http:\/\/www.radiodigitaltamazunchale.com\/landing\/wp-json\/wp\/v2\/posts\/25000"}],"collection":[{"href":"http:\/\/www.radiodigitaltamazunchale.com\/landing\/wp-json\/wp\/v2\/posts"}],"about":[{"href":"http:\/\/www.radiodigitaltamazunchale.com\/landing\/wp-json\/wp\/v2\/types\/post"}],"author":[{"embeddable":true,"href":"http:\/\/www.radiodigitaltamazunchale.com\/landing\/wp-json\/wp\/v2\/users\/2"}],"replies":[{"embeddable":true,"href":"http:\/\/www.radiodigitaltamazunchale.com\/landing\/wp-json\/wp\/v2\/comments?post=25000"}],"version-history":[{"count":2,"href":"http:\/\/www.radiodigitaltamazunchale.com\/landing\/wp-json\/wp\/v2\/posts\/25000\/revisions"}],"predecessor-version":[{"id":25003,"href":"http:\/\/www.radiodigitaltamazunchale.com\/landing\/wp-json\/wp\/v2\/posts\/25000\/revisions\/25003"}],"wp:featuredmedia":[{"embeddable":true,"href":"http:\/\/www.radiodigitaltamazunchale.com\/landing\/wp-json\/wp\/v2\/media\/25001"}],"wp:attachment":[{"href":"http:\/\/www.radiodigitaltamazunchale.com\/landing\/wp-json\/wp\/v2\/media?parent=25000"}],"wp:term":[{"taxonomy":"category","embeddable":true,"href":"http:\/\/www.radiodigitaltamazunchale.com\/landing\/wp-json\/wp\/v2\/categories?post=25000"},{"taxonomy":"post_tag","embeddable":true,"href":"http:\/\/www.radiodigitaltamazunchale.com\/landing\/wp-json\/wp\/v2\/tags?post=25000"}],"curies":[{"name":"wp","href":"https:\/\/api.w.org\/{rel}","templated":true}]}}