{"id":25005,"date":"2019-05-24T08:13:31","date_gmt":"2019-05-24T14:13:31","guid":{"rendered":"http:\/\/www.radiodigitaltamazunchale.com\/landing\/?p=25005"},"modified":"2019-05-25T08:22:08","modified_gmt":"2019-05-25T14:22:08","slug":"jm-carreras-pide-a-presidente-amlo-proteger-la-sierra-de-san-miguelito","status":"publish","type":"post","link":"http:\/\/www.radiodigitaltamazunchale.com\/landing\/uncategorized\/jm-carreras-pide-a-presidente-amlo-proteger-la-sierra-de-san-miguelito\/","title":{"rendered":"JM CARRERAS PIDE A PRESIDENTE AMLO PROTEGER LA SIERRA DE SAN MIGUELITO"},"content":{"rendered":"\n<p>JM CARRERAS PIDE A PRESIDENTE AMLO PROTEGER LA SIERRA DE SAN MIGUELITO<br> \u2022 El Primer Mandatario dio a conocer que se realizar\u00e1 un estudio y las acciones necesarias para resolver inmediatamente esta petici\u00f3n.<br> \u2022 Tambi\u00e9n solicita al Presidente de M\u00e9xico fortalecer infraestructura para Zona Metropolitana con una v\u00eda alterna a la Carretera 57.<br> En el marco de la visita del Presidente de M\u00e9xico, Andr\u00e9s Manuel L\u00f3pez Obrador a San<br> Luis Potos\u00ed, el Gobernador del Estado, Juan Manuel Carreras L\u00f3pez, pidi\u00f3 su apoyo para<br> proteger y preservar la sierra de San Miguelito, un espacio ecol\u00f3gico \u2013dijo- que est\u00e1 en el<br> coraz\u00f3n de todas y todos los potosinos, solicitud que fue aceptada por que el Primer<br> Mandatario federal, quien indic\u00f3 que se realizar\u00e1 un estudio y las acciones necesarias para<br> resolver inmediatamente esta petici\u00f3n.<br> Durante su discurso, L\u00f3pez Obrador dijo que instruir\u00e1 a Josefa Gonz\u00e1lez Blanco Ortiz<br> Mena, Secretaria de Medio Ambiente y Recursos Naturales (SEMARNAT), visitar la entidad<br> para sostener una reuni\u00f3n de trabajo con el Gobernador del Estado, para atender a la<br> brevedad esta solicitud.<br> Andr\u00e9s Manuel L\u00f3pez Obrador, ratific\u00f3 la pol\u00edtica que ha presentado para preservar los<br> recursos naturales, con esquemas que eviten la miner\u00eda t\u00f3xica que atente contra los<br> ecosistemas, as\u00ed como pr\u00e1cticas de extracci\u00f3n petrolera como el fracking.<br> De la misma manera, el Presidente de M\u00e9xico indic\u00f3 que se dar\u00e1 continuidad al proyecto<br> que present\u00f3 Carreras L\u00f3pez para la modernizaci\u00f3n de la ruta Ciudad Valles-<br> Tamazunchale.<br> \u201cMe llevo muy bien con el Gobernador de San Luis Potos\u00ed\u201d, indic\u00f3 el Primer Mandatario al<br> recordar las giras de trabajo con Juan Manuel Carreras L\u00f3pez en Cedral y la Huasteca,<br> donde se han realizado compromisos para fortalecer la educaci\u00f3n, proyectos de<br> reforestaci\u00f3n y desarrollo en infraestructura.<br> En su participaci\u00f3n, el mandatario estatal agreg\u00f3 que es prioritario el respaldo de la<br> Federaci\u00f3n para el fortalecimiento de la infraestructura, ante el crecimiento econ\u00f3mico<br> que vive la Zona Metropolitana, por lo que pidi\u00f3 al Presidente su respaldo para la<br> construcci\u00f3n de una v\u00eda alterna para la Carretera 57 que integre a las y los trabajadores<br> potosinos con los parques industriales.<br> Juan Manuel Carreras y L\u00f3pez Obrador mostraron su solidaridad con relaci\u00f3n al accidente<br> del helic\u00f3ptero que combat\u00eda el incendio en la Sierra Gorda de Quer\u00e9taro, e hicieron un<\/p>\n\n\n\n<p>reconocimiento a marinos y brigadistas que participan en los trabajos de sofocaci\u00f3n de las<br>\ndeflagraciones.<br>\nEl primer mandatario de la Naci\u00f3n, se\u00f1al\u00f3 que en San Luis Potos\u00ed la mayor\u00eda de los adultos<br>\nmayores ya reciben una pensi\u00f3n que equivale a m\u00e1s del doble de lo que recib\u00edan antes,<br>\nadem\u00e1s de estar en marcha los apoyos para las personas con discapacidad y estudiantes<br>\nde todos los niveles educativos.<br>\nAgreg\u00f3 que los j\u00f3venes que no tienen empleo podr\u00e1n acceder al sector productivo como<br>\naprendices, y al hacerlo recibir\u00e1n una beca mensual; adem\u00e1s, se crear\u00e1n en San Luis Potos\u00ed<br>\ndos Universidades Benito Ju\u00e1rez para garantizar el acceso a la educaci\u00f3n superior; reiter\u00f3<br>\nel apoyo a las y los trabajadores del campo.<br>\nAriadna Montiel Reyes, Subsecretaria del Bienestar, dijo que el prop\u00f3sito de la visita fue<br>\nconstatar la entrega de todos los programas creados, para garantizar la inclusi\u00f3n de los<br>\ngrupos vulnerables.<br>\nA este evento asistieron el senador Primo Doth\u00e9 Mata; la senadora Mar\u00eda Leonor Noyola<br>\nCervantes; el diputado federal Jos\u00e9 Ricardo Gallardo Cardona; beneficiarias y<br>\nbeneficiarios.<\/p>\n","protected":false},"excerpt":{"rendered":"<p>JM CARRERAS PIDE A PRESIDENTE AMLO PROTEGER LA SIERRA DE SAN MIGUELITO \u2022 El Primer Mandatario dio a conocer que<\/p>\n","protected":false},"author":2,"featured_media":25006,"comment_status":"open","ping_status":"open","sticky":false,"template":"","format":"standard","meta":[],"categories":[1],"tags":[],"_links":{"self":[{"href":"http:\/\/www.radiodigitaltamazunchale.com\/landing\/wp-json\/wp\/v2\/posts\/25005"}],"collection":[{"href":"http:\/\/www.radiodigitaltamazunchale.com\/landing\/wp-json\/wp\/v2\/posts"}],"about":[{"href":"http:\/\/www.radiodigitaltamazunchale.com\/landing\/wp-json\/wp\/v2\/types\/post"}],"author":[{"embeddable":true,"href":"http:\/\/www.radiodigitaltamazunchale.com\/landing\/wp-json\/wp\/v2\/users\/2"}],"replies":[{"embeddable":true,"href":"http:\/\/www.radiodigitaltamazunchale.com\/landing\/wp-json\/wp\/v2\/comments?post=25005"}],"version-history":[{"count":1,"href":"http:\/\/www.radiodigitaltamazunchale.com\/landing\/wp-json\/wp\/v2\/posts\/25005\/revisions"}],"predecessor-version":[{"id":25007,"href":"http:\/\/www.radiodigitaltamazunchale.com\/landing\/wp-json\/wp\/v2\/posts\/25005\/revisions\/25007"}],"wp:featuredmedia":[{"embeddable":true,"href":"http:\/\/www.radiodigitaltamazunchale.com\/landing\/wp-json\/wp\/v2\/media\/25006"}],"wp:attachment":[{"href":"http:\/\/www.radiodigitaltamazunchale.com\/landing\/wp-json\/wp\/v2\/media?parent=25005"}],"wp:term":[{"taxonomy":"category","embeddable":true,"href":"http:\/\/www.radiodigitaltamazunchale.com\/landing\/wp-json\/wp\/v2\/categories?post=25005"},{"taxonomy":"post_tag","embeddable":true,"href":"http:\/\/www.radiodigitaltamazunchale.com\/landing\/wp-json\/wp\/v2\/tags?post=25005"}],"curies":[{"name":"wp","href":"https:\/\/api.w.org\/{rel}","templated":true}]}}