{"id":25014,"date":"2019-05-24T11:27:02","date_gmt":"2019-05-24T17:27:02","guid":{"rendered":"http:\/\/www.radiodigitaltamazunchale.com\/landing\/?p=25014"},"modified":"2019-05-25T11:44:54","modified_gmt":"2019-05-25T17:44:54","slug":"coordinacion-entre-gobierno-y-sector-empresarial-fortalece-inversion-en-slp-jm-carreras","status":"publish","type":"post","link":"http:\/\/www.radiodigitaltamazunchale.com\/landing\/uncategorized\/coordinacion-entre-gobierno-y-sector-empresarial-fortalece-inversion-en-slp-jm-carreras\/","title":{"rendered":"COORDINACI\u00d3N ENTRE GOBIERNO Y SECTOR EMPRESARIAL FORTALECE INVERSI\u00d3N EN SLP: JM CARRERAS"},"content":{"rendered":"\n<p>&#8211; JM CARRERAS asiste a Cena de Gala Empresarial Anual de la CANACO SERVYTUR SLP.<br> Tras asistir a la Cena de Gala Empresarial Anual de la C\u00e1mara Nacional de Comercio,<br> Servicios y Turismo local (CANACO SERVYTUR), el Gobernador del Estado, Juan Manuel<br> Carreras L\u00f3pez, se\u00f1al\u00f3 que la coordinaci\u00f3n que existe ente la Administraci\u00f3n que<br> encabeza y el sector empresarial, fortalece la inversi\u00f3n en San Luis Potos\u00ed por la confianza<br> que ello genera.<br> Con la presencia de Alejandro P\u00e9rez Rodr\u00edguez, Presidente de la C\u00e1mara, el Gobernador<br> potosino, indic\u00f3 que la regi\u00f3n Centro-Baj\u00edo se consolida como un importante polo<br> econ\u00f3mico del pa\u00eds, por tanto, es indispensable seguir fortaleciendo las actividades<br> comerciales y servicios.<br> En el rubro tur\u00edstico, Carreras L\u00f3pez, record\u00f3 que tan s\u00f3lo en 2018 se registr\u00f3 una cifra<br> hist\u00f3rica superior a los 2 millones de visitantes y una derrama de 2 mil 293 millones de<br> pesos, adem\u00e1s, a partir del 2015 este rubro crece 14 por ciento anual, m\u00e1s del doble del<br> promedio nacional.<br> Finalmente, el mandatario estatal, record\u00f3 que estas condiciones dieron como resultado<br> cifras hist\u00f3ricas en materia de generaci\u00f3n de empleo, debido a que, en lo que va de la<br> actual Administraci\u00f3n se crearon m\u00e1s de 72 mil espacios laborales, cifra cercana al<br> objetivo planteado al inicio del sexenio que fue de 100 mil.<br> A esta cena acudi\u00f3 el Secretario de Desarrollo Econ\u00f3mico, Gustavo Puente Orozco, as\u00ed<br> como l\u00edderes de c\u00e1maras y empresarios.<\/p>\n","protected":false},"excerpt":{"rendered":"<p>&#8211; JM CARRERAS asiste a Cena de Gala Empresarial Anual de la CANACO SERVYTUR SLP. Tras asistir a la Cena<\/p>\n","protected":false},"author":2,"featured_media":25015,"comment_status":"open","ping_status":"open","sticky":false,"template":"","format":"standard","meta":[],"categories":[1],"tags":[],"_links":{"self":[{"href":"http:\/\/www.radiodigitaltamazunchale.com\/landing\/wp-json\/wp\/v2\/posts\/25014"}],"collection":[{"href":"http:\/\/www.radiodigitaltamazunchale.com\/landing\/wp-json\/wp\/v2\/posts"}],"about":[{"href":"http:\/\/www.radiodigitaltamazunchale.com\/landing\/wp-json\/wp\/v2\/types\/post"}],"author":[{"embeddable":true,"href":"http:\/\/www.radiodigitaltamazunchale.com\/landing\/wp-json\/wp\/v2\/users\/2"}],"replies":[{"embeddable":true,"href":"http:\/\/www.radiodigitaltamazunchale.com\/landing\/wp-json\/wp\/v2\/comments?post=25014"}],"version-history":[{"count":1,"href":"http:\/\/www.radiodigitaltamazunchale.com\/landing\/wp-json\/wp\/v2\/posts\/25014\/revisions"}],"predecessor-version":[{"id":25016,"href":"http:\/\/www.radiodigitaltamazunchale.com\/landing\/wp-json\/wp\/v2\/posts\/25014\/revisions\/25016"}],"wp:featuredmedia":[{"embeddable":true,"href":"http:\/\/www.radiodigitaltamazunchale.com\/landing\/wp-json\/wp\/v2\/media\/25015"}],"wp:attachment":[{"href":"http:\/\/www.radiodigitaltamazunchale.com\/landing\/wp-json\/wp\/v2\/media?parent=25014"}],"wp:term":[{"taxonomy":"category","embeddable":true,"href":"http:\/\/www.radiodigitaltamazunchale.com\/landing\/wp-json\/wp\/v2\/categories?post=25014"},{"taxonomy":"post_tag","embeddable":true,"href":"http:\/\/www.radiodigitaltamazunchale.com\/landing\/wp-json\/wp\/v2\/tags?post=25014"}],"curies":[{"name":"wp","href":"https:\/\/api.w.org\/{rel}","templated":true}]}}