{"id":25017,"date":"2019-05-24T11:56:44","date_gmt":"2019-05-24T17:56:44","guid":{"rendered":"http:\/\/www.radiodigitaltamazunchale.com\/landing\/?p=25017"},"modified":"2019-05-25T12:04:29","modified_gmt":"2019-05-25T18:04:29","slug":"el-diputado-rolando-hervert-considera-que-la-guardia-nacional-civil-aprobada-garantiza-el-respeto-a-los-derechos-humanos","status":"publish","type":"post","link":"http:\/\/www.radiodigitaltamazunchale.com\/landing\/uncategorized\/el-diputado-rolando-hervert-considera-que-la-guardia-nacional-civil-aprobada-garantiza-el-respeto-a-los-derechos-humanos\/","title":{"rendered":"EL DIPUTADO ROLANDO HERVERT CONSIDERA QUE LA GUARDIA  NACIONAL CIVIL APROBADA GARANTIZA EL RESPETO A LOS DERECHOS HUMANOS"},"content":{"rendered":"\n<p>-Las leyes secundarias dan certeza de que sera de corte civil y no militar<\/p>\n\n\n\n<p>El coordinador del Grupo Parlamentario del Partido Acci\u00f3n Nacional<br>\ndiputado Rolando Hervert Lara, celebr\u00f3 la aprobaci\u00f3n de una Guardia<br>\nNacional cien por ciento civil, lo que permitir\u00e1 que exista un mando e<br>\nintegrantes civiles que respetar\u00e1n los derechos humanos y servir\u00e1n para<br>\nprevenir el delito y recuperar la paz de los mexicanos.<br>\nHervert Lara indic\u00f3 que las Leyes secundarias de la Guardia Nacional<br>\ngarantizan que ser\u00e1 la corte civil y no militar, integrada por civiles o<br>\nmilitares con licencia, que contar\u00e1n con el Certificado \u00danico Policial y<br>\ncontroles de confianza obligatorios; una Guardia Nacional que<br>\nfortalecer\u00e1 a las polic\u00edas locales y, en caso de excesos, ser\u00e1 juzgada por<br>\ndelitos del orden civil y no militar.<br>\n\u201cEste cuerpo policial solo podr\u00e1 hacer uso de la fuerza en casos<br>\nextraordinariamente necesarios, respetando a cabalidad los Derechos<br>\nHumanos; estar\u00e1 entrenada para buscar soluciones pacificas, y tendr\u00e1\u0301<br>\nclaro que la fuerza letal es el \u00faltimo recurso; adem\u00e1s que no podr\u00e1, en<br>\nning\u00fan caso, usar la fuerza en caso de manifestaciones pac\u00edficas\u201d,<br>\nenfatiz\u00f3.<br>\nIndic\u00f3 que adem\u00e1s se ha aprobado la Ley del Registro de Detenciones,<br>\nel cual ser\u00e1 un registro confiable de detenciones a nivel nacional que<br>\ntransparente los hechos, cuide la cadena de custodia, evite abusos y<br>\nviolaciones a los derechos humanos, adem\u00e1s de ser obligatorio para<br>\ntodas las instituciones que lleven a cabo funciones de seguridad p\u00fablica.<br>\nDijo que este registro permitir\u00e1 cuidar los datos personales, consignara\u0301<br>\ntoda la informaci\u00f3n de los detenidos y estar\u00e1 accesible para todos los<\/p>\n\n\n\n<p>2<br>\nciudadanos, dando certeza a familiares e interesados, cuidando y<br>\nsancionando manipulaciones.<br>\nHizo hincapi\u00e9 en que la Guardia Nacional fortalecera\u0301 la coordinacio\u0301n<br>\nentre estados y municipios, la doctrina policial y utilizara\u0301 la informacio\u0301n<\/p>\n","protected":false},"excerpt":{"rendered":"<p>-Las leyes secundarias dan certeza de que sera de corte civil y no militar El coordinador del Grupo Parlamentario del<\/p>\n","protected":false},"author":2,"featured_media":24983,"comment_status":"open","ping_status":"open","sticky":false,"template":"","format":"standard","meta":[],"categories":[1],"tags":[],"_links":{"self":[{"href":"http:\/\/www.radiodigitaltamazunchale.com\/landing\/wp-json\/wp\/v2\/posts\/25017"}],"collection":[{"href":"http:\/\/www.radiodigitaltamazunchale.com\/landing\/wp-json\/wp\/v2\/posts"}],"about":[{"href":"http:\/\/www.radiodigitaltamazunchale.com\/landing\/wp-json\/wp\/v2\/types\/post"}],"author":[{"embeddable":true,"href":"http:\/\/www.radiodigitaltamazunchale.com\/landing\/wp-json\/wp\/v2\/users\/2"}],"replies":[{"embeddable":true,"href":"http:\/\/www.radiodigitaltamazunchale.com\/landing\/wp-json\/wp\/v2\/comments?post=25017"}],"version-history":[{"count":1,"href":"http:\/\/www.radiodigitaltamazunchale.com\/landing\/wp-json\/wp\/v2\/posts\/25017\/revisions"}],"predecessor-version":[{"id":25018,"href":"http:\/\/www.radiodigitaltamazunchale.com\/landing\/wp-json\/wp\/v2\/posts\/25017\/revisions\/25018"}],"wp:featuredmedia":[{"embeddable":true,"href":"http:\/\/www.radiodigitaltamazunchale.com\/landing\/wp-json\/wp\/v2\/media\/24983"}],"wp:attachment":[{"href":"http:\/\/www.radiodigitaltamazunchale.com\/landing\/wp-json\/wp\/v2\/media?parent=25017"}],"wp:term":[{"taxonomy":"category","embeddable":true,"href":"http:\/\/www.radiodigitaltamazunchale.com\/landing\/wp-json\/wp\/v2\/categories?post=25017"},{"taxonomy":"post_tag","embeddable":true,"href":"http:\/\/www.radiodigitaltamazunchale.com\/landing\/wp-json\/wp\/v2\/tags?post=25017"}],"curies":[{"name":"wp","href":"https:\/\/api.w.org\/{rel}","templated":true}]}}