{"id":25028,"date":"2019-05-25T13:31:44","date_gmt":"2019-05-25T19:31:44","guid":{"rendered":"http:\/\/www.radiodigitaltamazunchale.com\/landing\/?p=25028"},"modified":"2019-05-25T13:31:45","modified_gmt":"2019-05-25T19:31:45","slug":"jm-carreras-se-reune-con-amlo-para-dar-continuidad-a-proyectos-en-slp","status":"publish","type":"post","link":"http:\/\/www.radiodigitaltamazunchale.com\/landing\/uncategorized\/jm-carreras-se-reune-con-amlo-para-dar-continuidad-a-proyectos-en-slp\/","title":{"rendered":"jM CARRERAS SE RE\u00daNE CON AMLO PARA DAR CONTINUIDAD A PROYECTOS EN SLP"},"content":{"rendered":"\n<p><br>  -Revisaron avances en la implementaci\u00f3n de proyectos en diversos rubros.<br> El Presidente de M\u00e9xico, Andr\u00e9s Manuel L\u00f3pez Obrador y el Gobernador del Estado, Juan<br> Manuel Carreras L\u00f3pez, sostuvieron una reuni\u00f3n de trabajo este s\u00e1bado en la ma\u00f1ana<br> para revisar la implementaci\u00f3n de proyectos para San Luis Potos\u00ed en todos los rubros, y<br> dar continuidad a las solicitudes de preservaci\u00f3n de la Sierra de San Miguelito y ruta<br> alterna a la carretera M\u00e9xico 57.<br> El mandatario estatal, refrend\u00f3 el compromiso de su Administraci\u00f3n de trabajar<br> coordinadamente con el Gobierno de M\u00e9xico para consolidar una agenda integral con<br> planes espec\u00edficos que impulsen el desarrollo de las regiones de San Luis Potos\u00ed.<br> Carreras L\u00f3pez, indic\u00f3 que se abordaron diversos proyectos de infraestructura y movilidad<br> para la Zona Metropolitana, necesarios ante el acelerado crecimiento de la industria y<br> comercio, as\u00ed como los planes para impulsar al turismo como principal motor de la<br> econom\u00eda en la regi\u00f3n Huasteca.<br> El Gobernador potosino, reconoci\u00f3 la voluntad del Presidente de M\u00e9xico, de mejorar la<br> infraestructura carretera en la entidad a beneficio de miles de usuarios que demandan<br> rutas en condiciones \u00f3ptimas.<br> Concluy\u00f3 que en este encuentro fue presentado el avance en la implementaci\u00f3n de los<br> Programas para el Bienestar que atienden a los sectores m\u00e1s vulnerables de la poblaci\u00f3n,<br> asimismo, las estrategias de impulso al campo y generaci\u00f3n de empleo.<\/p>\n","protected":false},"excerpt":{"rendered":"<p>-Revisaron avances en la implementaci\u00f3n de proyectos en diversos rubros. El Presidente de M\u00e9xico, Andr\u00e9s Manuel L\u00f3pez Obrador y el<\/p>\n","protected":false},"author":2,"featured_media":25029,"comment_status":"open","ping_status":"open","sticky":false,"template":"","format":"standard","meta":[],"categories":[1],"tags":[],"_links":{"self":[{"href":"http:\/\/www.radiodigitaltamazunchale.com\/landing\/wp-json\/wp\/v2\/posts\/25028"}],"collection":[{"href":"http:\/\/www.radiodigitaltamazunchale.com\/landing\/wp-json\/wp\/v2\/posts"}],"about":[{"href":"http:\/\/www.radiodigitaltamazunchale.com\/landing\/wp-json\/wp\/v2\/types\/post"}],"author":[{"embeddable":true,"href":"http:\/\/www.radiodigitaltamazunchale.com\/landing\/wp-json\/wp\/v2\/users\/2"}],"replies":[{"embeddable":true,"href":"http:\/\/www.radiodigitaltamazunchale.com\/landing\/wp-json\/wp\/v2\/comments?post=25028"}],"version-history":[{"count":1,"href":"http:\/\/www.radiodigitaltamazunchale.com\/landing\/wp-json\/wp\/v2\/posts\/25028\/revisions"}],"predecessor-version":[{"id":25030,"href":"http:\/\/www.radiodigitaltamazunchale.com\/landing\/wp-json\/wp\/v2\/posts\/25028\/revisions\/25030"}],"wp:featuredmedia":[{"embeddable":true,"href":"http:\/\/www.radiodigitaltamazunchale.com\/landing\/wp-json\/wp\/v2\/media\/25029"}],"wp:attachment":[{"href":"http:\/\/www.radiodigitaltamazunchale.com\/landing\/wp-json\/wp\/v2\/media?parent=25028"}],"wp:term":[{"taxonomy":"category","embeddable":true,"href":"http:\/\/www.radiodigitaltamazunchale.com\/landing\/wp-json\/wp\/v2\/categories?post=25028"},{"taxonomy":"post_tag","embeddable":true,"href":"http:\/\/www.radiodigitaltamazunchale.com\/landing\/wp-json\/wp\/v2\/tags?post=25028"}],"curies":[{"name":"wp","href":"https:\/\/api.w.org\/{rel}","templated":true}]}}