{"id":25049,"date":"2019-05-26T12:38:30","date_gmt":"2019-05-26T18:38:30","guid":{"rendered":"http:\/\/www.radiodigitaltamazunchale.com\/landing\/?p=25049"},"modified":"2019-05-26T12:38:31","modified_gmt":"2019-05-26T18:38:31","slug":"el-diputado-edson-quintanar-sanchez-presento-iniciativa-para-fortalecer-la-cultura-civica-entre-la-juventud","status":"publish","type":"post","link":"http:\/\/www.radiodigitaltamazunchale.com\/landing\/uncategorized\/el-diputado-edson-quintanar-sanchez-presento-iniciativa-para-fortalecer-la-cultura-civica-entre-la-juventud\/","title":{"rendered":"EL DIPUTADO EDSON QUINTANAR S\u00c1NCHEZ PRESENT\u00d3 INICIATIVA PARA FORTALECER LA CULTURA C\u00cdVICA ENTRE LA JUVENTUD"},"content":{"rendered":"\n<p><strong>PROPONE\nAUMENTAR A 5.0 POR CIENTO EL PRESUPUESTO ANUAL EN ESTE RUBRO<\/strong><\/p>\n\n\n\n<p>Con el objetivo de fortalecer la cultura c\u00edvica entre la\njuventud, el Diputado Edson de Jes\u00fas Quintanar S\u00e1nchez propuso una modificaci\u00f3n\nal art\u00edculo 37 de la Ley Electoral del Estado.<\/p>\n\n\n\n<p>La iniciativa propone aumentar a cinco por ciento del presupuesto\nanual que se destina al fortalecimiento de la cultura c\u00edvica dirigida a\nj\u00f3venes, de igual manera se pide que se haga con perspectiva de g\u00e9nero,\ninterculturalidad y participaci\u00f3n ciudadana, bajo un enfoque de derechos\nhumanos.<\/p>\n\n\n\n<p>El legislador coment\u00f3 que, \u201cel objetivo de esta\niniciativa es fortalecer como parte de la pol\u00edtica p\u00fablica en materia de\ncultura c\u00edvica, la gobernanza y construcci\u00f3n de redes, el estado de derecho y\nderechos humanos, la perspectiva de g\u00e9nero, la interculturalidad, la igualdad y\nno discriminaci\u00f3n, y la participaci\u00f3n ciudadana\u201d.<\/p>\n\n\n\n<p>En la exposici\u00f3n de la propuesta legislativa, se menciona\nque de conformidad con la estrategia nacional de cultura pol\u00edtica 2017-2023\ntrazada por el Instituto Nacional Electoral, la ausencia de cultura c\u00edvica como\nproblema p\u00fablico objeto de las pol\u00edticas y programas de formaci\u00f3n ciudadana,\nobedece a diversos factores que contravienen la forma en que el ciudadano\npercibe la relaci\u00f3n gobernante-gobernado. Lo que ha ido debilitando nuestro\nr\u00e9gimen democr\u00e1tico obligando a replantear la construcci\u00f3n de ciudadan\u00eda.<\/p>\n\n\n\n<p>El diputado Quintanar S\u00e1nchez dijo que es necesario\nimpulsar un cambio en la cultura pol\u00edtica, si en verdad se quiere consolidar\navance en la construcci\u00f3n de la democracia. <\/p>\n\n\n\n<p>Hizo menci\u00f3n que el d\u00e9ficit de cultura c\u00edvica que se\npadece en el pa\u00eds obstaculiza la consolidaci\u00f3n de la democracia, por lo que si\nquieren mantener elecciones para que sigan siendo un ancla de estabilidad\npol\u00edtica y fuente de gobernabilidad, es necesario impulsar una&nbsp; gran transformaci\u00f3n cultural que solidifique\nla importancia de la democracia.<\/p>\n","protected":false},"excerpt":{"rendered":"<p>PROPONE AUMENTAR A 5.0 POR CIENTO EL PRESUPUESTO ANUAL EN ESTE RUBRO Con el objetivo de fortalecer la cultura c\u00edvica<\/p>\n","protected":false},"author":2,"featured_media":25050,"comment_status":"open","ping_status":"open","sticky":false,"template":"","format":"standard","meta":[],"categories":[1],"tags":[],"_links":{"self":[{"href":"http:\/\/www.radiodigitaltamazunchale.com\/landing\/wp-json\/wp\/v2\/posts\/25049"}],"collection":[{"href":"http:\/\/www.radiodigitaltamazunchale.com\/landing\/wp-json\/wp\/v2\/posts"}],"about":[{"href":"http:\/\/www.radiodigitaltamazunchale.com\/landing\/wp-json\/wp\/v2\/types\/post"}],"author":[{"embeddable":true,"href":"http:\/\/www.radiodigitaltamazunchale.com\/landing\/wp-json\/wp\/v2\/users\/2"}],"replies":[{"embeddable":true,"href":"http:\/\/www.radiodigitaltamazunchale.com\/landing\/wp-json\/wp\/v2\/comments?post=25049"}],"version-history":[{"count":1,"href":"http:\/\/www.radiodigitaltamazunchale.com\/landing\/wp-json\/wp\/v2\/posts\/25049\/revisions"}],"predecessor-version":[{"id":25051,"href":"http:\/\/www.radiodigitaltamazunchale.com\/landing\/wp-json\/wp\/v2\/posts\/25049\/revisions\/25051"}],"wp:featuredmedia":[{"embeddable":true,"href":"http:\/\/www.radiodigitaltamazunchale.com\/landing\/wp-json\/wp\/v2\/media\/25050"}],"wp:attachment":[{"href":"http:\/\/www.radiodigitaltamazunchale.com\/landing\/wp-json\/wp\/v2\/media?parent=25049"}],"wp:term":[{"taxonomy":"category","embeddable":true,"href":"http:\/\/www.radiodigitaltamazunchale.com\/landing\/wp-json\/wp\/v2\/categories?post=25049"},{"taxonomy":"post_tag","embeddable":true,"href":"http:\/\/www.radiodigitaltamazunchale.com\/landing\/wp-json\/wp\/v2\/tags?post=25049"}],"curies":[{"name":"wp","href":"https:\/\/api.w.org\/{rel}","templated":true}]}}