{"id":25063,"date":"2019-05-27T10:04:07","date_gmt":"2019-05-27T16:04:07","guid":{"rendered":"http:\/\/www.radiodigitaltamazunchale.com\/landing\/?p=25063"},"modified":"2019-05-27T10:04:10","modified_gmt":"2019-05-27T16:04:10","slug":"anuncia-fge-cambios-en-tres-delegaciones-del-estado","status":"publish","type":"post","link":"http:\/\/www.radiodigitaltamazunchale.com\/landing\/uncategorized\/anuncia-fge-cambios-en-tres-delegaciones-del-estado\/","title":{"rendered":"ANUNCIA FGE CAMBIOS EN TRES DELEGACIONES DEL ESTADO"},"content":{"rendered":"\n<ul><li><strong>Dichos cambios son en Rioverde, Ciudad del Ma\u00edz y San Luis Potos\u00ed<\/strong><\/li><\/ul>\n\n\n\n<p>SLP. &#8211; La Fiscal\u00eda General del Estado de San Luis Potos\u00ed (FGESLP) anunci\u00f3 cambios en las delegaciones Primera con sede en la ciudad Capital; en la Cuarta con sede en Rioverde y en la Sexta, con sede en el municipio de Ciudad del Ma\u00edz.<\/p>\n\n\n\n<p>Lo instituci\u00f3n inform\u00f3 que se trata de cambios de reestructuraci\u00f3n con el objetivo de mejorar la atenci\u00f3n a la poblaci\u00f3n y se siga trabajando apegados a los principios de honestidad y profesionalismo como siempre se ha hecho.<\/p>\n\n\n\n<p>El licenciado Pedro Mart\u00ednez Perales que estaba al frente de la Primera Delegaci\u00f3n con sede en San Luis Potos\u00ed y que atend\u00eda adem\u00e1s a los municipios de Ahualulco; Armadillo de los Infante; Cerro de San Pedro, Mexquitic de Carmona; Soledad de Graciano S\u00e1nchez; Villa de Arriaga y Villa de Zaragoza, ocupar\u00e1 a partir de esta semana la Sexta Delegaci\u00f3n con sede en Ciudad del Ma\u00edz.<\/p>\n\n\n\n<p>Mientras que el licenciado Jos\u00e9 Horacio Ju\u00e1rez M\u00e9ndez, que ocupaba la Sexta Delegaci\u00f3n, que adem\u00e1s de Ciudad del Ma\u00edz atiende al municipio de El Naranjo, ocupar\u00e1 la Primera Delegaci\u00f3n en la ciudad Capital.<\/p>\n\n\n\n<p>Por otra parte, el Fiscal General del Estado, Federico Garza Herrera, nombr\u00f3 como delegado de la Cuarta Delegaci\u00f3n con sede en Rioverde, al licenciado Juan Manuel Ibarra Fajardo, quien fung\u00eda como Jefe de la Unidad de Tr\u00e1mite Com\u00fan en la ciudad de San Luis Potos\u00ed.<\/p>\n\n\n\n<p>Lo anterior, luego que el licenciado Jes\u00fas Emmanuel Mart\u00ednez S\u00e1nchez que ocupaba ese cargo, fue nombrado Juez de Control en el Poder Judicial.<br><\/p>\n","protected":false},"excerpt":{"rendered":"<p>Dichos cambios son en Rioverde, Ciudad del Ma\u00edz y San Luis Potos\u00ed SLP. &#8211; La Fiscal\u00eda General del Estado de<\/p>\n","protected":false},"author":2,"featured_media":25064,"comment_status":"open","ping_status":"open","sticky":false,"template":"","format":"standard","meta":[],"categories":[1],"tags":[],"_links":{"self":[{"href":"http:\/\/www.radiodigitaltamazunchale.com\/landing\/wp-json\/wp\/v2\/posts\/25063"}],"collection":[{"href":"http:\/\/www.radiodigitaltamazunchale.com\/landing\/wp-json\/wp\/v2\/posts"}],"about":[{"href":"http:\/\/www.radiodigitaltamazunchale.com\/landing\/wp-json\/wp\/v2\/types\/post"}],"author":[{"embeddable":true,"href":"http:\/\/www.radiodigitaltamazunchale.com\/landing\/wp-json\/wp\/v2\/users\/2"}],"replies":[{"embeddable":true,"href":"http:\/\/www.radiodigitaltamazunchale.com\/landing\/wp-json\/wp\/v2\/comments?post=25063"}],"version-history":[{"count":1,"href":"http:\/\/www.radiodigitaltamazunchale.com\/landing\/wp-json\/wp\/v2\/posts\/25063\/revisions"}],"predecessor-version":[{"id":25065,"href":"http:\/\/www.radiodigitaltamazunchale.com\/landing\/wp-json\/wp\/v2\/posts\/25063\/revisions\/25065"}],"wp:featuredmedia":[{"embeddable":true,"href":"http:\/\/www.radiodigitaltamazunchale.com\/landing\/wp-json\/wp\/v2\/media\/25064"}],"wp:attachment":[{"href":"http:\/\/www.radiodigitaltamazunchale.com\/landing\/wp-json\/wp\/v2\/media?parent=25063"}],"wp:term":[{"taxonomy":"category","embeddable":true,"href":"http:\/\/www.radiodigitaltamazunchale.com\/landing\/wp-json\/wp\/v2\/categories?post=25063"},{"taxonomy":"post_tag","embeddable":true,"href":"http:\/\/www.radiodigitaltamazunchale.com\/landing\/wp-json\/wp\/v2\/tags?post=25063"}],"curies":[{"name":"wp","href":"https:\/\/api.w.org\/{rel}","templated":true}]}}