{"id":25077,"date":"2019-05-27T14:56:53","date_gmt":"2019-05-27T20:56:53","guid":{"rendered":"http:\/\/www.radiodigitaltamazunchale.com\/landing\/?p=25077"},"modified":"2019-05-27T14:56:54","modified_gmt":"2019-05-27T20:56:54","slug":"dif-estatal-lleva-la-campana-va-primero-mi-proyecto-de-vida-al-conalep","status":"publish","type":"post","link":"http:\/\/www.radiodigitaltamazunchale.com\/landing\/uncategorized\/dif-estatal-lleva-la-campana-va-primero-mi-proyecto-de-vida-al-conalep\/","title":{"rendered":"DIF ESTATAL LLEVA LA CAMPA\u00d1A VA PRIMERO MI PROYECTO DE VIDA AL CONALEP"},"content":{"rendered":"\n<ul><li><strong>Ambas instituciones\nsuscribieron un convenio para trabajar por el bienestar de la comunidad\nestudiantil<\/strong>.<\/li><\/ul>\n\n\n\n<p>Con la presencia de la Presidenta de la Junta Directiva\ndel Sistema Estatal para el Desarrollo Integral de la Familia (DIF), Lorena\nValle Rodr\u00edguez, se llev\u00f3 a cabo el arranque de la campa\u00f1a Va Primero mi\nProyecto de Vida J\u00f3venes con Rumbo, en el Conalep, adem\u00e1s de que se realiz\u00f3 una\nfirma de convenio entre ambas instituciones, para sumar esfuerzos por el\nbienestar de las y los estudiantes y sus familias.<\/p>\n\n\n\n<p>El convenio fue suscrito por Lorena Valle Rodr\u00edguez;\nMario Garc\u00eda Valdez, Director General de Colegio de Educaci\u00f3n Profesional\nT\u00e9cnica del Estado (Conalep); y Cecilia de los \u00c1ngeles Gonz\u00e1lez Gordoa,\nDirectora de DIF Estatal. Derivado de este acuerdo, esta instituci\u00f3n educativa\nabrir\u00e1 sus puertas para llevar a cabo actividades preventivas con el\nestudiantado, docentes, madres y padres de familia.<\/p>\n\n\n\n<p>En su mensaje, la Presidenta de la Junta Directiva,\nexplic\u00f3 que esta campa\u00f1a estatal, se orienta a trabajar de cerca con la\njuventud, para que quieran perseguir sus sue\u00f1os y tengan un proyecto de vida.\nAl dirigirse a las y los j\u00f3venes destac\u00f3 que est\u00e1n en el momento en qu\u00e9 deben\nempezar a tener muy claro cu\u00e1les son las metas que quieren lograr y les dijo\nque para alcanzarlas enfrentar\u00e1n dificultades y requerir\u00e1n mucho empe\u00f1o y\ndedicaci\u00f3n.<\/p>\n\n\n\n<p>Por su parte, el Director General del Conalep, agradeci\u00f3\nque se lleven estas actividades a la instituci\u00f3n y asegur\u00f3 que para ellos son\nmuy importantes, porque adem\u00e1s de formar a los j\u00f3venes para un trabajo, el\nConalep busca apoyar el desarrollo personal de las y los estudiantes, para que\nconsoliden su proyecto de vida.<\/p>\n\n\n\n<p>Como parte de la campa\u00f1a Va Primero mi Proyecto de Vida\nJ\u00f3venes con Rumbo, se cont\u00f3 con la participaci\u00f3n de Carlos Santamar\u00eda, ciclista\nprofesional, quien cont\u00f3 su historia de c\u00f3mo ha hecho realidad su proyecto de\nvida y motiv\u00f3 a las y los estudiantes a confiar en que pueden lograr sus\nsue\u00f1os.<\/p>\n","protected":false},"excerpt":{"rendered":"<p>Ambas instituciones suscribieron un convenio para trabajar por el bienestar de la comunidad estudiantil. Con la presencia de la Presidenta<\/p>\n","protected":false},"author":2,"featured_media":25078,"comment_status":"open","ping_status":"open","sticky":false,"template":"","format":"standard","meta":[],"categories":[1],"tags":[],"_links":{"self":[{"href":"http:\/\/www.radiodigitaltamazunchale.com\/landing\/wp-json\/wp\/v2\/posts\/25077"}],"collection":[{"href":"http:\/\/www.radiodigitaltamazunchale.com\/landing\/wp-json\/wp\/v2\/posts"}],"about":[{"href":"http:\/\/www.radiodigitaltamazunchale.com\/landing\/wp-json\/wp\/v2\/types\/post"}],"author":[{"embeddable":true,"href":"http:\/\/www.radiodigitaltamazunchale.com\/landing\/wp-json\/wp\/v2\/users\/2"}],"replies":[{"embeddable":true,"href":"http:\/\/www.radiodigitaltamazunchale.com\/landing\/wp-json\/wp\/v2\/comments?post=25077"}],"version-history":[{"count":1,"href":"http:\/\/www.radiodigitaltamazunchale.com\/landing\/wp-json\/wp\/v2\/posts\/25077\/revisions"}],"predecessor-version":[{"id":25079,"href":"http:\/\/www.radiodigitaltamazunchale.com\/landing\/wp-json\/wp\/v2\/posts\/25077\/revisions\/25079"}],"wp:featuredmedia":[{"embeddable":true,"href":"http:\/\/www.radiodigitaltamazunchale.com\/landing\/wp-json\/wp\/v2\/media\/25078"}],"wp:attachment":[{"href":"http:\/\/www.radiodigitaltamazunchale.com\/landing\/wp-json\/wp\/v2\/media?parent=25077"}],"wp:term":[{"taxonomy":"category","embeddable":true,"href":"http:\/\/www.radiodigitaltamazunchale.com\/landing\/wp-json\/wp\/v2\/categories?post=25077"},{"taxonomy":"post_tag","embeddable":true,"href":"http:\/\/www.radiodigitaltamazunchale.com\/landing\/wp-json\/wp\/v2\/tags?post=25077"}],"curies":[{"name":"wp","href":"https:\/\/api.w.org\/{rel}","templated":true}]}}