{"id":25080,"date":"2019-05-27T15:06:31","date_gmt":"2019-05-27T21:06:31","guid":{"rendered":"http:\/\/www.radiodigitaltamazunchale.com\/landing\/?p=25080"},"modified":"2019-05-27T15:06:32","modified_gmt":"2019-05-27T21:06:32","slug":"senalar-las-irregularidades-que-se-observan-en-el-poder-judicial-no-es-intromision-sino-un-sentir-ciudadano-diputado-rolando-hervert-lara","status":"publish","type":"post","link":"http:\/\/www.radiodigitaltamazunchale.com\/landing\/uncategorized\/senalar-las-irregularidades-que-se-observan-en-el-poder-judicial-no-es-intromision-sino-un-sentir-ciudadano-diputado-rolando-hervert-lara\/","title":{"rendered":"SE\u00d1ALAR LAS IRREGULARIDADES QUE SE OBSERVAN EN EL PODER JUDICIAL, NO ES INTROMISI\u00d3N SINO UN SENTIR CIUDADANO: DIPUTADO ROLANDO HERVERT LARA"},"content":{"rendered":"\n<p><strong>EL\nCOORDINADOR DEL GPPAN SE\u00d1ALA QUE EL PRESIDENTE DEL STJ OLVIDA QUE LOS\nLEGISLADORES SON REPRESENTANTES DE LOS CIUDADANOS Y PUEDEN EMITIR SUS OPINIONES\nSOBRE LO QUE ES EVIDENTE<\/strong><\/p>\n\n\n\n<p>El coordinador del Grupo Parlamentario del PAN diputado\nRolando Hervert Lara, dijo que los diputados que han se\u00f1alado los excesos y\npresuntas anomal\u00edas en el Supremo Tribunal de Justicia, no incurren en ninguna\nintromisi\u00f3n pues s\u00f3lo atienden el sentir de los ciudadanos a quienes\nrepresentan.<\/p>\n\n\n\n<p>En torno a los se\u00f1alamientos que hizo el magistrado presidente\ndel Poder Judicial Juan Paulo Almaz\u00e1n Cue, respecto a las declaraciones\nvertidas por los legisladores Ricardo Villarreal y Jos\u00e9 Antonio Zapata, en el\nsentido de que est\u00e1n cometiendo intromisi\u00f3n en el Poder Judicial, dijo que \u201cbusca\njustificar su actuar olvidando que los legisladores son representantes del pueblo\u201d.<\/p>\n\n\n\n<p>A\u00f1adi\u00f3 el diputado que \u201cde ninguna manera es una\nintromisi\u00f3n de mis compa\u00f1eros diputados en asuntos del Poder Judicial, porque\nse trata de un \u00f3rgano estrictamente t\u00e9cnico del derecho, mientras que el Poder Legislativo\nrepresenta los intereses de los ciudadanos y por tal motivo, si los\nlegisladores ven que en alg\u00fan Poder, en este caso el Judicial, representado por\nel magistrado Almaz\u00e1n Cu\u00e9, existen anomal\u00edas las cuales han sido se\u00f1aladas por\nlos mismos funcionaros, pueden hacer los se\u00f1alamientos que consideren\u201d.<\/p>\n\n\n\n<p>Indic\u00f3 que \u201cdesgraciadamente el Poder Judicial ha dejado\nmucho que desear en el combate a la corrupci\u00f3n, ya que existen suficientes\ndenuncias fundamentadas de desv\u00edos de recursos de ex funcionarios, que hasta la\nfecha no muestran avances, por lo tanto, consider\u00f3 que el presidente magistrado\nbusca justificar su ineficacia\u201d.<\/p>\n\n\n\n<p>Indic\u00f3 que todo funcionario p\u00fablico, sea de elecci\u00f3n o\nno, debe ser tolerante a la critica que los ciudadanos le hacen; \u201clos tiempos\nhan cambiado en nuestro pa\u00eds, ahora debemos ser transparentes en el ejercicio\ndel recurso p\u00fablico, por ejemplo, hay ciudadanos que me han comentado que en el\nPoder Judicial se adquirieron dos camionetas tipo Suburban con costos muy altos,\ny los ciudadanos consideran que era mejor abrir m\u00e1s juzgados \u00f3 contratar m\u00e1s\npersonal para abatir el rezago de los asuntos y as\u00ed se cumpla con lo se\u00f1alado\nen el art\u00edculo 17 de la Constituci\u00f3n Federal\u201d.<\/p>\n\n\n\n<p>El diputado Hervert Lara dijo que as\u00ed como estas\nobservaciones, las y los potosinos tienen derecho a manifestar sus\ninconformidades, pues son ellos los que ven a los funcionarios cuando usan los\nrecursos p\u00fablicos, como los veh\u00edculos oficiales para ir de vacaciones con sus\nfamilias o realizan actividades que no son propias con la labor que se les ha\nencomendado.<\/p>\n\n\n\n<p>Hizo hincapi\u00e9 en que tambi\u00e9n es importante que los\npoderes del Estado sean transparentes en la aplicaci\u00f3n del recurso p\u00fablico, ya\nque existen serias quejas en la falta de transparencia del Poder Judicial, en\ndonde la responsabilidad es del presidente magistrado Juan Paulo Almaz\u00e1n.<\/p>\n","protected":false},"excerpt":{"rendered":"<p>EL COORDINADOR DEL GPPAN SE\u00d1ALA QUE EL PRESIDENTE DEL STJ OLVIDA QUE LOS LEGISLADORES SON REPRESENTANTES DE LOS CIUDADANOS Y<\/p>\n","protected":false},"author":2,"featured_media":25081,"comment_status":"open","ping_status":"open","sticky":false,"template":"","format":"standard","meta":[],"categories":[1],"tags":[],"_links":{"self":[{"href":"http:\/\/www.radiodigitaltamazunchale.com\/landing\/wp-json\/wp\/v2\/posts\/25080"}],"collection":[{"href":"http:\/\/www.radiodigitaltamazunchale.com\/landing\/wp-json\/wp\/v2\/posts"}],"about":[{"href":"http:\/\/www.radiodigitaltamazunchale.com\/landing\/wp-json\/wp\/v2\/types\/post"}],"author":[{"embeddable":true,"href":"http:\/\/www.radiodigitaltamazunchale.com\/landing\/wp-json\/wp\/v2\/users\/2"}],"replies":[{"embeddable":true,"href":"http:\/\/www.radiodigitaltamazunchale.com\/landing\/wp-json\/wp\/v2\/comments?post=25080"}],"version-history":[{"count":1,"href":"http:\/\/www.radiodigitaltamazunchale.com\/landing\/wp-json\/wp\/v2\/posts\/25080\/revisions"}],"predecessor-version":[{"id":25082,"href":"http:\/\/www.radiodigitaltamazunchale.com\/landing\/wp-json\/wp\/v2\/posts\/25080\/revisions\/25082"}],"wp:featuredmedia":[{"embeddable":true,"href":"http:\/\/www.radiodigitaltamazunchale.com\/landing\/wp-json\/wp\/v2\/media\/25081"}],"wp:attachment":[{"href":"http:\/\/www.radiodigitaltamazunchale.com\/landing\/wp-json\/wp\/v2\/media?parent=25080"}],"wp:term":[{"taxonomy":"category","embeddable":true,"href":"http:\/\/www.radiodigitaltamazunchale.com\/landing\/wp-json\/wp\/v2\/categories?post=25080"},{"taxonomy":"post_tag","embeddable":true,"href":"http:\/\/www.radiodigitaltamazunchale.com\/landing\/wp-json\/wp\/v2\/tags?post=25080"}],"curies":[{"name":"wp","href":"https:\/\/api.w.org\/{rel}","templated":true}]}}