{"id":25103,"date":"2019-05-28T15:58:09","date_gmt":"2019-05-28T21:58:09","guid":{"rendered":"http:\/\/www.radiodigitaltamazunchale.com\/landing\/?p=25103"},"modified":"2019-05-28T15:59:57","modified_gmt":"2019-05-28T21:59:57","slug":"la-comision-de-desarrollo-territorial-aprobo-modificacion-a-la-ley-de-fomento-a-la-viviendfa-del-estado","status":"publish","type":"post","link":"http:\/\/www.radiodigitaltamazunchale.com\/landing\/uncategorized\/la-comision-de-desarrollo-territorial-aprobo-modificacion-a-la-ley-de-fomento-a-la-viviendfa-del-estado\/","title":{"rendered":"LA COMISI\u00d3N DE DESARROLLO TERRITORIAL APROB\u00d3 MODIFICACI\u00d3N A LA LEY DE FOMENTO A LA VIVIENDFA DEL ESTADO"},"content":{"rendered":"\n<p><strong>EL\nOBJETIVO ES CREAR, DESARROLLAR Y DIFUNDIR LOS PROGRAMAS DE VIVIENDA<\/strong><\/p>\n\n\n\n<p>En reuni\u00f3n de comisi\u00f3n de\nDesarrollo Territorial Sustentable se aprob\u00f3 una modificaci\u00f3n a la Ley de\nFomento a la Vivienda del Estado, inform\u00f3 el presidente diputado Rolando\nHervert Lara, para brindar certeza al Instituto de Vivienda del Estado\n(INVIES).<\/p>\n\n\n\n<p>El objetivo es que la\npoblaci\u00f3n pueda acceder a una vivienda digna y plantea crear, desarrollar y\ndifundir los programas de vivienda, as\u00ed como incluir la participaci\u00f3n de los\ngobiernos federal, municipal y los sectores social y privado. <\/p>\n\n\n\n<p>El diputado Hervert Lara\ncoment\u00f3 que es fundamental trazar pol\u00edticas p\u00fablicas que beneficien a todas las\npersonas que carecen de un hogar digno, por lo que la prioridad de la actual\nlegislatura es fortalecer las instituciones y sea a trav\u00e9s de ellas donde se\nejerzan las acciones necesarias que beneficien a la poblaci\u00f3n.<\/p>\n\n\n\n<p>Coment\u00f3 que dentro de las\nmodificaciones aprobadas se encuentra que el INVIES pueda asesorar a&nbsp; los ayuntamientos, en&nbsp; la elaboraci\u00f3n, ejecuci\u00f3n, control y\nevaluaci\u00f3n de los Programas de Conurbaci\u00f3n y Desarrollo Metropolitano.<\/p>\n\n\n\n<p>El dictamen ser\u00e1 enviado al\npleno para ser discutido y en su caso aprobado en los pr\u00f3ximos d\u00edas. <\/p>\n\n\n\n<p>El presidente de la Comisi\u00f3n\ndijo que se mantendr\u00e1n trabajando en la revisi\u00f3n de las iniciativas turnadas a\nsu comisi\u00f3n, por lo que no descart\u00f3 la posibilidad de llevar a cabo mesas de\ntrabajo con expertos en los temas que se discuten.<\/p>\n","protected":false},"excerpt":{"rendered":"<p>EL OBJETIVO ES CREAR, DESARROLLAR Y DIFUNDIR LOS PROGRAMAS DE VIVIENDA En reuni\u00f3n de comisi\u00f3n de Desarrollo Territorial Sustentable se<\/p>\n","protected":false},"author":2,"featured_media":24382,"comment_status":"open","ping_status":"open","sticky":false,"template":"","format":"standard","meta":[],"categories":[1],"tags":[],"_links":{"self":[{"href":"http:\/\/www.radiodigitaltamazunchale.com\/landing\/wp-json\/wp\/v2\/posts\/25103"}],"collection":[{"href":"http:\/\/www.radiodigitaltamazunchale.com\/landing\/wp-json\/wp\/v2\/posts"}],"about":[{"href":"http:\/\/www.radiodigitaltamazunchale.com\/landing\/wp-json\/wp\/v2\/types\/post"}],"author":[{"embeddable":true,"href":"http:\/\/www.radiodigitaltamazunchale.com\/landing\/wp-json\/wp\/v2\/users\/2"}],"replies":[{"embeddable":true,"href":"http:\/\/www.radiodigitaltamazunchale.com\/landing\/wp-json\/wp\/v2\/comments?post=25103"}],"version-history":[{"count":2,"href":"http:\/\/www.radiodigitaltamazunchale.com\/landing\/wp-json\/wp\/v2\/posts\/25103\/revisions"}],"predecessor-version":[{"id":25105,"href":"http:\/\/www.radiodigitaltamazunchale.com\/landing\/wp-json\/wp\/v2\/posts\/25103\/revisions\/25105"}],"wp:featuredmedia":[{"embeddable":true,"href":"http:\/\/www.radiodigitaltamazunchale.com\/landing\/wp-json\/wp\/v2\/media\/24382"}],"wp:attachment":[{"href":"http:\/\/www.radiodigitaltamazunchale.com\/landing\/wp-json\/wp\/v2\/media?parent=25103"}],"wp:term":[{"taxonomy":"category","embeddable":true,"href":"http:\/\/www.radiodigitaltamazunchale.com\/landing\/wp-json\/wp\/v2\/categories?post=25103"},{"taxonomy":"post_tag","embeddable":true,"href":"http:\/\/www.radiodigitaltamazunchale.com\/landing\/wp-json\/wp\/v2\/tags?post=25103"}],"curies":[{"name":"wp","href":"https:\/\/api.w.org\/{rel}","templated":true}]}}