{"id":25111,"date":"2019-05-28T07:47:15","date_gmt":"2019-05-28T13:47:15","guid":{"rendered":"http:\/\/www.radiodigitaltamazunchale.com\/landing\/?p=25111"},"modified":"2019-05-29T09:17:39","modified_gmt":"2019-05-29T15:17:39","slug":"inaugura-titular-de-sege-expo-cientifica-y-tecnologica-cecyteslp-2019","status":"publish","type":"post","link":"http:\/\/www.radiodigitaltamazunchale.com\/landing\/uncategorized\/inaugura-titular-de-sege-expo-cientifica-y-tecnologica-cecyteslp-2019\/","title":{"rendered":"INAUGURA TITULAR DE SEGE EXPO CIENT\u00cdFICA Y TECNOL\u00d3GICA CECyTESLP 2019"},"content":{"rendered":"\n<p><strong>Se mostrar\u00e1n m\u00e1s de 60\nprototipos desarrollados por alumnos.<\/strong><\/p>\n\n\n\n<p>En representaci\u00f3n del Gobernador del Estado,\nJuan Manuel Carreras L\u00f3pez, el Secretario de Educaci\u00f3n, Joel Ram\u00edrez D\u00edaz,\ninaugur\u00f3 la Expo Cient\u00edfica y Tecnol\u00f3gica CECyTESLP 2019, en el marco del\nXXVIII Aniversario del Colegio de Estudios Cient\u00edficos y Tecnol\u00f3gicos (CECYTE),\ndonde reconoci\u00f3 que el CECyTESLP es una instituci\u00f3n fuerte, integrada e\nidentificada con la vocaci\u00f3n institucional.<\/p>\n\n\n\n<p>Dijo que: \u201cas\u00ed se demuestra en este espacio\nacad\u00e9mico de difusi\u00f3n y vinculaci\u00f3n donde estas talentosas y talentosos\nestudiantes muestran las competencias adquiridas como parte de su formaci\u00f3n\u201d.<\/p>\n\n\n\n<p>Para promover la vocaci\u00f3n cient\u00edfica y\ntecnol\u00f3gica entre los estudiantes de nivel medio superior, y mostrar el talento\nde sus alumnos en esta \u00e1rea, el Colegio de Estudios Cient\u00edficos y Tecnol\u00f3gicos\ndel Estado (CECyTESLP), elntitular de SEGE inaugur\u00f3 su primera edici\u00f3n de la\n\u201cExpo Cient\u00edfica y Tecnol\u00f3gica 2019\u201d.<\/p>\n\n\n\n<p>La declaratoria inaugural del evento, que se\nllev\u00f3 a cabo en la explanada del Teatro de la Paz, se desarrolla los d\u00edas 28 y\n29 de mayo con la exposici\u00f3n de m\u00e1s de 60 prototipos que los alumnos de 6\nplanteles y una extensi\u00f3n del Colegio desarrollaron con el apoyo de un docente\nasesor a lo largo del semestre que est\u00e1 por concluir.<\/p>\n\n\n\n<p>En representaci\u00f3n del Director General de\nCECyTESLP, Isidoro del Camino Ramos, el director de Vinculaci\u00f3n, Octavio Ra\u00fal\nMarv\u00e1n Paz, dijo que este evento es una excelente plataforma para que los\nalumnos del Colegio den forma a sus ideas y se exploten sus habilidades\ninnovadoras y creativas \u201ces una experiencia integral que nos permite conjuntar\naquellos proyectos que se dise\u00f1aron para resolver un problema concreto o ser\nuna alternativa novedosa, adem\u00e1s que se les ense\u00f1a que el l\u00edmite del\ncrecimiento personal lo define uno mismo\u201d.<\/p>\n\n\n\n<p>Uno de los objetivos m\u00e1s importantes para el\nColegio es que sus estudiantes exploten todas sus habilidades en diferentes\ndisciplinas, por lo que esta Expo re\u00fane los mejores proyectos de las distintas\nmaterias que abarcan las 18 carreras que se ofrecen, adem\u00e1s de ser muy\nmotivante para los alumnos tener un espacio para mostrar sus proyectos y que se\nreconozca su esfuerzo en las aulas.<\/p>\n\n\n\n<p>Al dirigirse a los j\u00f3venes participantes,\nRam\u00edrez D\u00edaz se\u00f1al\u00f3 que el futuro y la posibilidad de \u00e9xito del pa\u00eds dependen\nde un proyecto s\u00f3lido de educaci\u00f3n y es una de las propuestas de este Gobierno\nser un gran facilitador y promotor del desarrollo de San Luis Potos\u00ed \u201cel\ncrecimiento y el importante impulso que logramos, tienen que ver con esta\ncomunidad educativa\u201d.<\/p>\n\n\n\n<p>Esta Expo Cient\u00edfica y Tecnol\u00f3gica CEcyTESLP\n2019 pretende posicionarse como un espacio que abra la posibilidad de\nincentivar su esp\u00edritu emprendedor, ya que algunos de estos&nbsp; dispositivos o prototipos pueden\ncomercializarse entre alguna empresa interesada por ser innovadores o de bajo\ncosto de producci\u00f3n.<\/p>\n","protected":false},"excerpt":{"rendered":"<p>Se mostrar\u00e1n m\u00e1s de 60 prototipos desarrollados por alumnos. En representaci\u00f3n del Gobernador del Estado, Juan Manuel Carreras L\u00f3pez, el<\/p>\n","protected":false},"author":2,"featured_media":25112,"comment_status":"open","ping_status":"open","sticky":false,"template":"","format":"standard","meta":[],"categories":[1],"tags":[],"_links":{"self":[{"href":"http:\/\/www.radiodigitaltamazunchale.com\/landing\/wp-json\/wp\/v2\/posts\/25111"}],"collection":[{"href":"http:\/\/www.radiodigitaltamazunchale.com\/landing\/wp-json\/wp\/v2\/posts"}],"about":[{"href":"http:\/\/www.radiodigitaltamazunchale.com\/landing\/wp-json\/wp\/v2\/types\/post"}],"author":[{"embeddable":true,"href":"http:\/\/www.radiodigitaltamazunchale.com\/landing\/wp-json\/wp\/v2\/users\/2"}],"replies":[{"embeddable":true,"href":"http:\/\/www.radiodigitaltamazunchale.com\/landing\/wp-json\/wp\/v2\/comments?post=25111"}],"version-history":[{"count":1,"href":"http:\/\/www.radiodigitaltamazunchale.com\/landing\/wp-json\/wp\/v2\/posts\/25111\/revisions"}],"predecessor-version":[{"id":25113,"href":"http:\/\/www.radiodigitaltamazunchale.com\/landing\/wp-json\/wp\/v2\/posts\/25111\/revisions\/25113"}],"wp:featuredmedia":[{"embeddable":true,"href":"http:\/\/www.radiodigitaltamazunchale.com\/landing\/wp-json\/wp\/v2\/media\/25112"}],"wp:attachment":[{"href":"http:\/\/www.radiodigitaltamazunchale.com\/landing\/wp-json\/wp\/v2\/media?parent=25111"}],"wp:term":[{"taxonomy":"category","embeddable":true,"href":"http:\/\/www.radiodigitaltamazunchale.com\/landing\/wp-json\/wp\/v2\/categories?post=25111"},{"taxonomy":"post_tag","embeddable":true,"href":"http:\/\/www.radiodigitaltamazunchale.com\/landing\/wp-json\/wp\/v2\/tags?post=25111"}],"curies":[{"name":"wp","href":"https:\/\/api.w.org\/{rel}","templated":true}]}}