{"id":25146,"date":"2019-05-29T14:54:03","date_gmt":"2019-05-29T20:54:03","guid":{"rendered":"http:\/\/www.radiodigitaltamazunchale.com\/landing\/?p=25146"},"modified":"2019-05-29T14:54:04","modified_gmt":"2019-05-29T20:54:04","slug":"ponentes-de-latinoamerica-y-locales-participaron-en-el-seminario-permanente-derechos-humanos-democracia-y-desarrollo","status":"publish","type":"post","link":"http:\/\/www.radiodigitaltamazunchale.com\/landing\/uncategorized\/ponentes-de-latinoamerica-y-locales-participaron-en-el-seminario-permanente-derechos-humanos-democracia-y-desarrollo\/","title":{"rendered":"PONENTES DE LATINOAM\u00c9RICA Y LOCALES PARTICIPARON EN EL SEMINARIO PERMANENTE \u201cDERECHOS HUMANOS, DEMOCRACIA Y DESARROLLO\u201d"},"content":{"rendered":"\n<p>Con el reconocimiento y agradecimiento a los ponentes, el presidente municipal Arq. Juan Antonio Costa Medina, fue el encargado de dar la bienvenida y el arranque al Seminario Permanente \u201cDerechos Humanos, Democracia y Desarrollo\u201d, en el marco del curso internacional: Gesti\u00f3n del territorio para la Administraci\u00f3n y Competitividad en Geoparques, realizado este martes 28 de mayo en el sal\u00f3n de cabildos Sixto Garc\u00eda Pacheco.<\/p>\n\n\n\n<p>Para este evento se cont\u00f3 con la participaci\u00f3n de importantes ponentes de Latinoam\u00e9rica, as\u00ed como locales, quienes en sus intervenciones agradecieron el que se realicen este tipo de seminarios, que son una influencia positiva para emprender acciones en bien de la sociedad.<\/p>\n\n\n\n<p>Dentro de las participaciones de los ponentes se mencionaron temas de gran impacto como lo es el programa de monitoreo de fauna silvestre la cual se busca crear una reserva en el municipio donde se puedan proteger la fauna que habita en nuestro municipio y evitar as\u00ed su extinci\u00f3n; con ellos resaltando los beneficios de impacto que se tendr\u00eda en el tema tur\u00edstico.<\/p>\n","protected":false},"excerpt":{"rendered":"<p>Con el reconocimiento y agradecimiento a los ponentes, el presidente municipal Arq. Juan Antonio Costa Medina, fue el encargado de<\/p>\n","protected":false},"author":2,"featured_media":25147,"comment_status":"open","ping_status":"open","sticky":false,"template":"","format":"standard","meta":[],"categories":[1],"tags":[],"_links":{"self":[{"href":"http:\/\/www.radiodigitaltamazunchale.com\/landing\/wp-json\/wp\/v2\/posts\/25146"}],"collection":[{"href":"http:\/\/www.radiodigitaltamazunchale.com\/landing\/wp-json\/wp\/v2\/posts"}],"about":[{"href":"http:\/\/www.radiodigitaltamazunchale.com\/landing\/wp-json\/wp\/v2\/types\/post"}],"author":[{"embeddable":true,"href":"http:\/\/www.radiodigitaltamazunchale.com\/landing\/wp-json\/wp\/v2\/users\/2"}],"replies":[{"embeddable":true,"href":"http:\/\/www.radiodigitaltamazunchale.com\/landing\/wp-json\/wp\/v2\/comments?post=25146"}],"version-history":[{"count":1,"href":"http:\/\/www.radiodigitaltamazunchale.com\/landing\/wp-json\/wp\/v2\/posts\/25146\/revisions"}],"predecessor-version":[{"id":25148,"href":"http:\/\/www.radiodigitaltamazunchale.com\/landing\/wp-json\/wp\/v2\/posts\/25146\/revisions\/25148"}],"wp:featuredmedia":[{"embeddable":true,"href":"http:\/\/www.radiodigitaltamazunchale.com\/landing\/wp-json\/wp\/v2\/media\/25147"}],"wp:attachment":[{"href":"http:\/\/www.radiodigitaltamazunchale.com\/landing\/wp-json\/wp\/v2\/media?parent=25146"}],"wp:term":[{"taxonomy":"category","embeddable":true,"href":"http:\/\/www.radiodigitaltamazunchale.com\/landing\/wp-json\/wp\/v2\/categories?post=25146"},{"taxonomy":"post_tag","embeddable":true,"href":"http:\/\/www.radiodigitaltamazunchale.com\/landing\/wp-json\/wp\/v2\/tags?post=25146"}],"curies":[{"name":"wp","href":"https:\/\/api.w.org\/{rel}","templated":true}]}}