{"id":25188,"date":"2019-05-30T14:36:18","date_gmt":"2019-05-30T20:36:18","guid":{"rendered":"http:\/\/www.radiodigitaltamazunchale.com\/landing\/?p=25188"},"modified":"2019-05-30T14:36:19","modified_gmt":"2019-05-30T20:36:19","slug":"invitan-a-la-expo-mexico-minero-slp","status":"publish","type":"post","link":"http:\/\/www.radiodigitaltamazunchale.com\/landing\/uncategorized\/invitan-a-la-expo-mexico-minero-slp\/","title":{"rendered":"INVITAN A LA EXPO M\u00c9XICO MINERO SLP"},"content":{"rendered":"\n<ul><li><strong>-El evento promover\u00e1 la importancia de la miner\u00eda en el desarrollo de M\u00e9xico. <\/strong><\/li><li><strong>-La Expo se realizar\u00e1 del 13 al 16 de junio en la Plaza Fundadores. <\/strong><\/li><\/ul>\n\n\n\n<p>El Director General de Desarrollo y Promoci\u00f3n\nMinera del Gobierno del Estado, Jos\u00e9 Antonio Nieto Gonz\u00e1lez, en atenci\u00f3n a\nmedios de comunicaci\u00f3n, present\u00f3 la Expo M\u00e9xico Minero San Luis Potos\u00ed, que a\ntrav\u00e9s de actividades promover\u00e1 la importancia la miner\u00eda en el crecimiento del\npa\u00eds. <\/p>\n\n\n\n<p>Rafael Rebollar, Presidente de M\u00e9xico Minero,\nreconoci\u00f3 el respaldo del Gobierno de Juan Manuel Carreras L\u00f3pez, por otorgar\nlas facilidades para realizar esta actividad en la explanada de la Plaza\nFundadores del 13 al 16 de junio, cuyo acceso ser\u00e1 gratuito para p\u00fablicos de\ntodas las edades y donde esperan superar la meta de 25 mil visitantes durante\nla jornada. &nbsp;<\/p>\n\n\n\n<p>El titular de Desarrollo y Promoci\u00f3n Minera,\nindic\u00f3 que a trav\u00e9s de videos de realidad virtual el p\u00fablico podr\u00e1 viajar al\ncentro de la tierra para conocer las caracter\u00edsticas de los diferentes tipos de\nminas que existen en el mundo. <\/p>\n\n\n\n<p>Rafael Rebollar, destac\u00f3 que esta Expo\ncontempla actividades para la ni\u00f1ez, como el \u00e1rea \u201cIluminarte\u201d, donde podr\u00e1n\narmar rompecabezas o iluminar un mantel con temas alusivos a la miner\u00eda,\nadem\u00e1s, en \u201cEl Arenero\u201d, las y los ni\u00f1os experimentar\u00e1n la labor minera al extraer\nminerales de juguete. Tambi\u00e9n se contemplan obras de teatro. <\/p>\n\n\n\n<p>\u201cPara quienes deseen conocer m\u00e1s acerca de\nesta actividad econ\u00f3mica, se contar\u00e1 con una muestra de diferentes tipos de\nrocas que se extraen de los yacimientos y que contienen minerales que permiten\nfabricar miles de art\u00edculos que utiliza la poblaci\u00f3n\u201d, precis\u00f3 el Presidente de\nM\u00e9xico Minero. <\/p>\n\n\n\n<p>Rafael Rebollar, concluy\u00f3 que en el evento se\ncontempla la instalaci\u00f3n de pantallas interactivas, donde se apreciar\u00e1 la\naplicaci\u00f3n de minerales en objetos, herramientas y enseres que utilizan los\nseres humanos.<\/p>\n","protected":false},"excerpt":{"rendered":"<p>-El evento promover\u00e1 la importancia de la miner\u00eda en el desarrollo de M\u00e9xico. -La Expo se realizar\u00e1 del 13 al<\/p>\n","protected":false},"author":2,"featured_media":25189,"comment_status":"open","ping_status":"open","sticky":false,"template":"","format":"standard","meta":[],"categories":[1],"tags":[],"_links":{"self":[{"href":"http:\/\/www.radiodigitaltamazunchale.com\/landing\/wp-json\/wp\/v2\/posts\/25188"}],"collection":[{"href":"http:\/\/www.radiodigitaltamazunchale.com\/landing\/wp-json\/wp\/v2\/posts"}],"about":[{"href":"http:\/\/www.radiodigitaltamazunchale.com\/landing\/wp-json\/wp\/v2\/types\/post"}],"author":[{"embeddable":true,"href":"http:\/\/www.radiodigitaltamazunchale.com\/landing\/wp-json\/wp\/v2\/users\/2"}],"replies":[{"embeddable":true,"href":"http:\/\/www.radiodigitaltamazunchale.com\/landing\/wp-json\/wp\/v2\/comments?post=25188"}],"version-history":[{"count":1,"href":"http:\/\/www.radiodigitaltamazunchale.com\/landing\/wp-json\/wp\/v2\/posts\/25188\/revisions"}],"predecessor-version":[{"id":25190,"href":"http:\/\/www.radiodigitaltamazunchale.com\/landing\/wp-json\/wp\/v2\/posts\/25188\/revisions\/25190"}],"wp:featuredmedia":[{"embeddable":true,"href":"http:\/\/www.radiodigitaltamazunchale.com\/landing\/wp-json\/wp\/v2\/media\/25189"}],"wp:attachment":[{"href":"http:\/\/www.radiodigitaltamazunchale.com\/landing\/wp-json\/wp\/v2\/media?parent=25188"}],"wp:term":[{"taxonomy":"category","embeddable":true,"href":"http:\/\/www.radiodigitaltamazunchale.com\/landing\/wp-json\/wp\/v2\/categories?post=25188"},{"taxonomy":"post_tag","embeddable":true,"href":"http:\/\/www.radiodigitaltamazunchale.com\/landing\/wp-json\/wp\/v2\/tags?post=25188"}],"curies":[{"name":"wp","href":"https:\/\/api.w.org\/{rel}","templated":true}]}}