{"id":25269,"date":"2019-05-31T12:59:10","date_gmt":"2019-05-31T18:59:10","guid":{"rendered":"http:\/\/www.radiodigitaltamazunchale.com\/landing\/?p=25269"},"modified":"2019-06-01T13:01:01","modified_gmt":"2019-06-01T19:01:01","slug":"jm-carrera-reconce-aportes-de-ebano-al-crecimiento-del-pais","status":"publish","type":"post","link":"http:\/\/www.radiodigitaltamazunchale.com\/landing\/uncategorized\/jm-carrera-reconce-aportes-de-ebano-al-crecimiento-del-pais\/","title":{"rendered":"JM CARRERA RECONCE APORTES DE \u00c9BANO AL CRECIMIENTO DEL PA\u00cdS"},"content":{"rendered":"\n<ul><li><strong>-Gobernador encabeza ceremonia del 104 aniversario de la Batalla de El \u00c9bano.<\/strong><\/li><li><strong>-Realizan guardia de honor en busto del General Manuel C. L\u00e1rraga Orta.<\/strong><\/li><\/ul>\n\n\n\n<p>\u00c9bano S.L.P.- Tras encabezar la ceremonia por\nel 104 aniversario de la Batalla de El \u00c9bano, el Gobernador del Estado, Juan\nManuel Carreras L\u00f3pez, reconoci\u00f3 los aportes hist\u00f3ricos de este municipio en el\ncrecimiento del pa\u00eds, al recordar que fue aqu\u00ed donde naci\u00f3 la industria\npetrolera mexicana y que el enfrentamiento entre constitucionalistas y\nconvencionistas marc\u00f3 un hito en la profesionalizaci\u00f3n militar.<\/p>\n\n\n\n<p>Acompa\u00f1ado de la Presidenta de la Junta\nDirectiva del DIF Estatal, Lorena Valle Rodr\u00edguez, el mandatario estatal,\ndestac\u00f3 la importancia de fomentar en la ni\u00f1ez y juventud los valores c\u00edvicos,\npues estos acontecimientos otorgan identidad hist\u00f3rica tanto a la regi\u00f3n como a\nSan Luis Potos\u00ed. <\/p>\n\n\n\n<p>Carreras L\u00f3pez, indic\u00f3 que el enfrentamiento de\n1915 fue uno de las primeros en la historia de M\u00e9xico donde se us\u00f3 la aviaci\u00f3n\ncomo t\u00e1ctica de combate y se utilizaron estrategias de guerra m\u00e1s efectivas. <\/p>\n\n\n\n<p>Durante la ceremonia, estudiantes de la\nSecundaria T\u00e9cnica 41, la Secundaria General Adolfo L\u00f3pez Mateos y Melchor\nOcampo, el CECyTE 5, el COBACH 15 y el Instituto Tecnol\u00f3gico Superior de \u00c9bano,\nescenificaron uno de los acontecimientos m\u00e1s importantes del siglo XX en la\nHuasteca Potosina.<\/p>\n\n\n\n<p>Finalmente, el Gobernador potosino y Rodolfo\nBlancas Osornio, Comandante del 36 Batall\u00f3n de Infanter\u00eda, realizaron una\nguardia de honor y colocaron una ofrenda floral en el busto del General Manuel\nC. L\u00e1rraga, uno de los personajes m\u00e1s importantes de la batalla. <\/p>\n\n\n\n<p>A esta ceremonia asistieron el Secretario de\nEducaci\u00f3n, Joel Ram\u00edrez D\u00edaz; el Secretario de Desarrollo Agropecuario y\nRecursos Hidr\u00e1ulicos, Alejandro Cambeses Ballina; el Subsecretario de\nGobernaci\u00f3n, Aureliano Gama Bazarte; el diputado local Mario L\u00e1rraga Delgado;\nel Presidente Municipal de \u00c9bano, Crisp\u00edn Ordaz Trujillo y los alcaldes de San\nVicente, Tanqui\u00e1n, P\u00e1nuco y la alcaldesa de Ciudad del Ma\u00edz. <\/p>\n","protected":false},"excerpt":{"rendered":"<p>-Gobernador encabeza ceremonia del 104 aniversario de la Batalla de El \u00c9bano. -Realizan guardia de honor en busto del General<\/p>\n","protected":false},"author":2,"featured_media":25270,"comment_status":"open","ping_status":"open","sticky":false,"template":"","format":"standard","meta":[],"categories":[1],"tags":[],"_links":{"self":[{"href":"http:\/\/www.radiodigitaltamazunchale.com\/landing\/wp-json\/wp\/v2\/posts\/25269"}],"collection":[{"href":"http:\/\/www.radiodigitaltamazunchale.com\/landing\/wp-json\/wp\/v2\/posts"}],"about":[{"href":"http:\/\/www.radiodigitaltamazunchale.com\/landing\/wp-json\/wp\/v2\/types\/post"}],"author":[{"embeddable":true,"href":"http:\/\/www.radiodigitaltamazunchale.com\/landing\/wp-json\/wp\/v2\/users\/2"}],"replies":[{"embeddable":true,"href":"http:\/\/www.radiodigitaltamazunchale.com\/landing\/wp-json\/wp\/v2\/comments?post=25269"}],"version-history":[{"count":1,"href":"http:\/\/www.radiodigitaltamazunchale.com\/landing\/wp-json\/wp\/v2\/posts\/25269\/revisions"}],"predecessor-version":[{"id":25271,"href":"http:\/\/www.radiodigitaltamazunchale.com\/landing\/wp-json\/wp\/v2\/posts\/25269\/revisions\/25271"}],"wp:featuredmedia":[{"embeddable":true,"href":"http:\/\/www.radiodigitaltamazunchale.com\/landing\/wp-json\/wp\/v2\/media\/25270"}],"wp:attachment":[{"href":"http:\/\/www.radiodigitaltamazunchale.com\/landing\/wp-json\/wp\/v2\/media?parent=25269"}],"wp:term":[{"taxonomy":"category","embeddable":true,"href":"http:\/\/www.radiodigitaltamazunchale.com\/landing\/wp-json\/wp\/v2\/categories?post=25269"},{"taxonomy":"post_tag","embeddable":true,"href":"http:\/\/www.radiodigitaltamazunchale.com\/landing\/wp-json\/wp\/v2\/tags?post=25269"}],"curies":[{"name":"wp","href":"https:\/\/api.w.org\/{rel}","templated":true}]}}