{"id":34341,"date":"2020-05-12T08:13:18","date_gmt":"2020-05-12T14:13:18","guid":{"rendered":"http:\/\/www.radiodigitaltamazunchale.com\/landing\/?p=34341"},"modified":"2020-05-12T08:13:20","modified_gmt":"2020-05-12T14:13:20","slug":"firman-gobierno-y-fundacion-teleton-acuerdo-para-atencion-medica-en-crits-durante-contingencia","status":"publish","type":"post","link":"http:\/\/www.radiodigitaltamazunchale.com\/landing\/uncategorized\/firman-gobierno-y-fundacion-teleton-acuerdo-para-atencion-medica-en-crits-durante-contingencia\/","title":{"rendered":"FIRMAN GOBIERNO Y FUNDACI\u00d3N TELET\u00d3N ACUERDO PARA ATENCI\u00d3N M\u00c9DICA EN CRITS DURANTE CONTINGENCIA"},"content":{"rendered":"\n<p>Gobierno de M\u00e9xico y Fundaci\u00f3n Telet\u00f3n firmaron acuerdo para utilizar 23 instalaciones de la organizaci\u00f3n para atender la contingencia por COVID-19<\/p>\n\n\n\n<p>El&nbsp;<strong>Gobierno de M\u00e9xico<\/strong>&nbsp;y la&nbsp;<strong>Fundaci\u00f3n Telet\u00f3n<\/strong>&nbsp;firmaron un&nbsp;<strong>convenio<\/strong>&nbsp;para utilizar 23&nbsp;<strong>instalaciones<\/strong>&nbsp;de dicha organizaci\u00f3n y&nbsp;<strong>reconvertirlas<\/strong>&nbsp;ante la contingencia sanitaria por el&nbsp;<strong>coronavirus COVID-19<\/strong>.<\/p>\n\n\n\n<p>El acuerdo fue anunciado durante la conferencia matutina de este martes por el\u00a0<strong>Andr\u00e9s Manuel L\u00f3pez Obrador<\/strong>, presidente de M\u00e9xico, el secretario de Relaciones Exteriores,\u00a0<strong>Marcelo Ebrard<\/strong>, y por\u00a0<strong>Fernando Landeros<\/strong>, presidente de\u00a0<strong>Fundaci\u00f3n Telet\u00f3n<\/strong>.<\/p>\n\n\n\n<p>El uso de estas instalaciones se realizar\u00e1 en conjunto con autoridades federales y los gobiernos estatales, en donde algunos ser\u00e1n utilizados como hospitales no\u00a0<strong>COVID-19<\/strong>, ara el diagn\u00f3stico de la enfermedad y para atender a pacientes tempranos afectados por el virus.<\/p>\n\n\n\n<p><strong>Ebrard Casaub\u00f3n<\/strong>\u00a0se\u00f1al\u00f3 que el trabajo de la\u00a0<strong>Fundaci\u00f3n Telet\u00f3n<\/strong>\u00a0es reconocido en todo el mundo.<\/p>\n\n\n\n<p>El presidente de la Fundaci\u00f3n Telet\u00f3n se\u00f1al\u00f3 que ante el COVID-19 fueron cerrados\u00a0los centros de rehabilitaci\u00f3n, menos los que atienden a menores con\u00a0c\u00e1ncer, pero que no pod\u00edan permanecer indiferentes ante el dolor que se vive en el pa\u00eds para enfrentar la pandemia, tomando la decisi\u00f3n de ayudar y poner a disposici\u00f3n de las autoridades las instalaciones.<\/p>\n\n\n\n<p>fuente; \u00a0L\u00f3pez-D\u00f3riga Digital<\/p>\n\n\n\n<p><\/p>\n","protected":false},"excerpt":{"rendered":"<p>Gobierno de M\u00e9xico y Fundaci\u00f3n Telet\u00f3n firmaron acuerdo para utilizar 23 instalaciones de la organizaci\u00f3n para atender la contingencia por<\/p>\n","protected":false},"author":2,"featured_media":34342,"comment_status":"open","ping_status":"open","sticky":false,"template":"","format":"standard","meta":[],"categories":[1],"tags":[],"_links":{"self":[{"href":"http:\/\/www.radiodigitaltamazunchale.com\/landing\/wp-json\/wp\/v2\/posts\/34341"}],"collection":[{"href":"http:\/\/www.radiodigitaltamazunchale.com\/landing\/wp-json\/wp\/v2\/posts"}],"about":[{"href":"http:\/\/www.radiodigitaltamazunchale.com\/landing\/wp-json\/wp\/v2\/types\/post"}],"author":[{"embeddable":true,"href":"http:\/\/www.radiodigitaltamazunchale.com\/landing\/wp-json\/wp\/v2\/users\/2"}],"replies":[{"embeddable":true,"href":"http:\/\/www.radiodigitaltamazunchale.com\/landing\/wp-json\/wp\/v2\/comments?post=34341"}],"version-history":[{"count":1,"href":"http:\/\/www.radiodigitaltamazunchale.com\/landing\/wp-json\/wp\/v2\/posts\/34341\/revisions"}],"predecessor-version":[{"id":34343,"href":"http:\/\/www.radiodigitaltamazunchale.com\/landing\/wp-json\/wp\/v2\/posts\/34341\/revisions\/34343"}],"wp:featuredmedia":[{"embeddable":true,"href":"http:\/\/www.radiodigitaltamazunchale.com\/landing\/wp-json\/wp\/v2\/media\/34342"}],"wp:attachment":[{"href":"http:\/\/www.radiodigitaltamazunchale.com\/landing\/wp-json\/wp\/v2\/media?parent=34341"}],"wp:term":[{"taxonomy":"category","embeddable":true,"href":"http:\/\/www.radiodigitaltamazunchale.com\/landing\/wp-json\/wp\/v2\/categories?post=34341"},{"taxonomy":"post_tag","embeddable":true,"href":"http:\/\/www.radiodigitaltamazunchale.com\/landing\/wp-json\/wp\/v2\/tags?post=34341"}],"curies":[{"name":"wp","href":"https:\/\/api.w.org\/{rel}","templated":true}]}}