{"id":34601,"date":"2020-05-24T17:26:00","date_gmt":"2020-05-24T23:26:00","guid":{"rendered":"http:\/\/www.radiodigitaltamazunchale.com\/landing\/?p=34601"},"modified":"2020-05-25T17:34:23","modified_gmt":"2020-05-25T23:34:23","slug":"aplazar-el-inicio-del-proceso-electoral-permitira-una-coordinacion-mas-eficiente-en-la-realizacion-del-proceso-electoral","status":"publish","type":"post","link":"http:\/\/www.radiodigitaltamazunchale.com\/landing\/uncategorized\/aplazar-el-inicio-del-proceso-electoral-permitira-una-coordinacion-mas-eficiente-en-la-realizacion-del-proceso-electoral\/","title":{"rendered":"APLAZAR EL INICIO DEL PROCESO ELECTORAL, PERMITIR\u00c1 UNA COORDINACI\u00d3N M\u00c1S EFICIENTE EN LA REALIZACI\u00d3N DEL PROCESO ELECTORAL."},"content":{"rendered":"\n<p><strong>LA REFORMA A LA LEY ELECTORAL ESTAR\u00c1 EN TIEMPO Y FORMA: COMISI\u00d3N DE PUNTOS CONSTITUCIONALES LLEVA UN AVANCE IMPORTANTE: DIP MART\u00cdN JU\u00c1REZ C\u00d3RDOVA.<\/strong><\/p>\n\n\n\n<p>El diputado Mart\u00edn Ju\u00e1rez C\u00f3rdova, presidente de la Directiva del Congreso del Estado, resalt\u00f3 que el aplazar el inicio del proceso electoral, a m\u00e1s tardar el 30 de septiembre, dejar\u00e1 beneficios claros para una buena coordinaci\u00f3n de los organismos electorales locales y federales.<\/p>\n\n\n\n<p>Dijo que la reforma a la legislaci\u00f3n electoral que fue aprobada en la pasada Sesi\u00f3n Ordinaria, est\u00e1 ahora armonizada con la Ley General de Instituciones y &nbsp;Procedimientos Electorales, en sus plazos y t\u00e9rminos, lo cual permitir\u00e1 una coordinaci\u00f3n m\u00e1s eficiente en la realizaci\u00f3n del proceso electoral.<\/p>\n\n\n\n<p>\u201cEntonces el arrancar los dos \u00f3rganos locales &nbsp;al mismo tiempo nos va a permitir armonizar una serie de acciones y tener diferentes din\u00e1micas, que en el tiempo de la jornada cuando tiene que haber reparto de documentos y capacitaciones y todo si es vital estar muy bien armonizados, entonces si insisto este es un primer t\u00e9rmino para avanzar en armon\u00eda al proceso electoral del 2021\u201d.<\/p>\n\n\n\n<p>De igual manera, el aplazar el inicio del proceso electoral permite tambi\u00e9n un plazo m\u00e1s amplio para el dictamen de reforma a la Ley Electoral que actualmente se est\u00e1 trabajando al interior de la Comisi\u00f3n de Puntos Constitucionales, en caso de ser necesario.<\/p>\n\n\n\n<p>Adem\u00e1s, se\u00f1al\u00f3 que esta reforma permitir\u00e1 una mejor operatividad para el arranque del proceso electoral, \u201cy si hubiera alguna modificaci\u00f3n &nbsp;a nivel federal, &nbsp;naturalmente que nosotros estar\u00edamos en posibilidades de hacer los ajustes necesarios en San Luis Potos\u00ed, entonces si trae ventajas esta situaci\u00f3n de poder armonizarlo con la legislaci\u00f3n federal las fechas\u201d.<\/p>\n","protected":false},"excerpt":{"rendered":"<p>LA REFORMA A LA LEY ELECTORAL ESTAR\u00c1 EN TIEMPO Y FORMA: COMISI\u00d3N DE PUNTOS CONSTITUCIONALES LLEVA UN AVANCE IMPORTANTE: DIP<\/p>\n","protected":false},"author":1,"featured_media":34602,"comment_status":"open","ping_status":"open","sticky":false,"template":"","format":"standard","meta":[],"categories":[1],"tags":[],"_links":{"self":[{"href":"http:\/\/www.radiodigitaltamazunchale.com\/landing\/wp-json\/wp\/v2\/posts\/34601"}],"collection":[{"href":"http:\/\/www.radiodigitaltamazunchale.com\/landing\/wp-json\/wp\/v2\/posts"}],"about":[{"href":"http:\/\/www.radiodigitaltamazunchale.com\/landing\/wp-json\/wp\/v2\/types\/post"}],"author":[{"embeddable":true,"href":"http:\/\/www.radiodigitaltamazunchale.com\/landing\/wp-json\/wp\/v2\/users\/1"}],"replies":[{"embeddable":true,"href":"http:\/\/www.radiodigitaltamazunchale.com\/landing\/wp-json\/wp\/v2\/comments?post=34601"}],"version-history":[{"count":1,"href":"http:\/\/www.radiodigitaltamazunchale.com\/landing\/wp-json\/wp\/v2\/posts\/34601\/revisions"}],"predecessor-version":[{"id":34603,"href":"http:\/\/www.radiodigitaltamazunchale.com\/landing\/wp-json\/wp\/v2\/posts\/34601\/revisions\/34603"}],"wp:featuredmedia":[{"embeddable":true,"href":"http:\/\/www.radiodigitaltamazunchale.com\/landing\/wp-json\/wp\/v2\/media\/34602"}],"wp:attachment":[{"href":"http:\/\/www.radiodigitaltamazunchale.com\/landing\/wp-json\/wp\/v2\/media?parent=34601"}],"wp:term":[{"taxonomy":"category","embeddable":true,"href":"http:\/\/www.radiodigitaltamazunchale.com\/landing\/wp-json\/wp\/v2\/categories?post=34601"},{"taxonomy":"post_tag","embeddable":true,"href":"http:\/\/www.radiodigitaltamazunchale.com\/landing\/wp-json\/wp\/v2\/tags?post=34601"}],"curies":[{"name":"wp","href":"https:\/\/api.w.org\/{rel}","templated":true}]}}