{"id":34625,"date":"2020-05-25T18:31:48","date_gmt":"2020-05-26T00:31:48","guid":{"rendered":"http:\/\/www.radiodigitaltamazunchale.com\/landing\/?p=34625"},"modified":"2020-05-25T18:31:51","modified_gmt":"2020-05-26T00:31:51","slug":"en-comisiones-aprueban-exhortar-al-gobierno-del-estado-para-que-se-apliquen-en-los-centros-penitenciarios-los-estandares-especiales-unpas-covid-19","status":"publish","type":"post","link":"http:\/\/www.radiodigitaltamazunchale.com\/landing\/uncategorized\/en-comisiones-aprueban-exhortar-al-gobierno-del-estado-para-que-se-apliquen-en-los-centros-penitenciarios-los-estandares-especiales-unpas-covid-19\/","title":{"rendered":"EN COMISIONES APRUEBAN EXHORTAR AL GOBIERNO DEL ESTADO PARA QUE SE APLIQUEN EN LOS CENTROS PENITENCIARIOS LOS EST\u00c1NDARES ESPECIALES UNPAS COVID-19."},"content":{"rendered":"\n<p><strong>EL PUNTO DE ACUERDO PROMOVIDO POR LA DIP. BEATRIZ BENAVENTE RODR\u00cdGUEZ CONTEMPLA APLICAR MEDIDAS PREVENTIVAS DE SALUD A LA POBLACI\u00d3N PRIVADA DE SU LIBERTAD, SUS FAMILIARES, CUSTODIOS Y AUTORIDADES JUDICIALES.<\/strong><\/p>\n\n\n\n<p>En reuni\u00f3n de la Comisi\u00f3n de Salud y Asistencia Social, se aprob\u00f3 el Punto de Acuerdo presentado por la diputada Beatriz Benavente Rodr\u00edguez, y que exhortar al titular del Ejecutivo del Estado, as\u00ed como a los secretarios: General del Gobierno; y de Seguridad P\u00fablica, aplicar est\u00e1ndares especiales UNPAS COVID-19, para garantizar vigencia de postulados de nuestra Carta Fundamental en torno al derecho a la salud.<\/p>\n\n\n\n<p>La diputada Ang\u00e9lica Mendoza Camacho, presidenta de la Comisi\u00f3n de Salud y Asistencia Social, indic\u00f3 que derivado de la declaraci\u00f3n de pandemia por parte de la Organizaci\u00f3n Mundial de la Salud por el virus SARS-CoV2 (COVID-19, se emitieron los Est\u00e1ndares Especiales UNAPS COVID-19 por parte de la Oficina de las Naciones Unidas contra la Droga y el Delito (UNODC), la Oficina del Alto Comisionado de Naciones Unidas en M\u00e9xico, la Organizaci\u00f3n Panamericana de la Salud, la Organizaci\u00f3n Mundial de la Salud y los Est\u00e1ndares Avanzados de Naciones Unidad para el Sistema Penitenciario (UNAPS, por sus siglas en ingl\u00e9s), para que se incorporen en la pr\u00e1ctica penitenciaria llevada a cabo durante la contingencia sanitaria, y as\u00ed mismo declarada en nuestro pa\u00eds por el Consejo de Salubridad General y con el objetivo de Contribuir a la dignificaci\u00f3n del Sistema Penitenciario del Estado a trav\u00e9s del fortalecimiento de los derechos humanos, la reinserci\u00f3n social y la profesionalizaci\u00f3n del personal penitenciario.<\/p>\n\n\n\n<p>Se indica que la comisi\u00f3n concuerda con la promovente en que por la interacci\u00f3n que predomina al interior de estos centros penitenciarios, por la diaria convivencia entre la poblaci\u00f3n privada de su libertad, sus familiares, custodios y autoridades judiciales, que&nbsp; se hace necesaria la aplicaci\u00f3n de los est\u00e1ndares especiales UNPAS COVID-19, mismos que contemplan su desarrollo en dos etapas, preventiva y de atenci\u00f3n a la emergencia.<\/p>\n\n\n\n<p>La etapa preventiva es la conjunci\u00f3n de la participaci\u00f3n del \u00e1rea m\u00e9dica y del \u00e1rea de trabajo social para promover al interior de la poblaci\u00f3n, con la plantilla de custodios y las autoridades que se encuentren laborando las medidas preventivas y de higiene, adem\u00e1s con los familiares que asisten a las visitas respectivas, considerando la posibilidad de evitar o restringir en su caso la visitas familiares y definitivamente evitar la presencia de menores, personas de la tercera edad y aquellas tengan alguna enfermedad degenerativa.<\/p>\n\n\n\n<p>La etapa de atenci\u00f3n a la emergencia durante la misma es fundamental la identificaci\u00f3n de casos de manera temprana para que se brinde la atenci\u00f3n inmediata y se disponga a la persona afectada en \u00e1rea de aislamiento, as\u00ed como, avisar inmediatamente a la autoridad de salud de ese lugar y dar seguimiento puntual a las personas con quien m\u00e1s tuvo contacto para mantener la vigilancia sanitaria de esa poblaci\u00f3n, as\u00ed como&nbsp; de la evoluci\u00f3n para determinar en su caso el traslado a alg\u00fan hospital de la localidad.<\/p>\n\n\n\n<p>La diputada Ang\u00e9lica Mendoza indic\u00f3 que este Punto de Acuerdo ser\u00e1 analizado tambi\u00e9n al interior de la Comisi\u00f3n de Seguridad P\u00fablica, Prevenci\u00f3n y Reinserci\u00f3n Social y en caso de aprobarse se presentar\u00e1 el dictamen conjunto a votaci\u00f3n en el pleno.<\/p>\n","protected":false},"excerpt":{"rendered":"<p>EL PUNTO DE ACUERDO PROMOVIDO POR LA DIP. BEATRIZ BENAVENTE RODR\u00cdGUEZ CONTEMPLA APLICAR MEDIDAS PREVENTIVAS DE SALUD A LA POBLACI\u00d3N<\/p>\n","protected":false},"author":1,"featured_media":33872,"comment_status":"open","ping_status":"open","sticky":false,"template":"","format":"standard","meta":[],"categories":[1],"tags":[],"_links":{"self":[{"href":"http:\/\/www.radiodigitaltamazunchale.com\/landing\/wp-json\/wp\/v2\/posts\/34625"}],"collection":[{"href":"http:\/\/www.radiodigitaltamazunchale.com\/landing\/wp-json\/wp\/v2\/posts"}],"about":[{"href":"http:\/\/www.radiodigitaltamazunchale.com\/landing\/wp-json\/wp\/v2\/types\/post"}],"author":[{"embeddable":true,"href":"http:\/\/www.radiodigitaltamazunchale.com\/landing\/wp-json\/wp\/v2\/users\/1"}],"replies":[{"embeddable":true,"href":"http:\/\/www.radiodigitaltamazunchale.com\/landing\/wp-json\/wp\/v2\/comments?post=34625"}],"version-history":[{"count":1,"href":"http:\/\/www.radiodigitaltamazunchale.com\/landing\/wp-json\/wp\/v2\/posts\/34625\/revisions"}],"predecessor-version":[{"id":34626,"href":"http:\/\/www.radiodigitaltamazunchale.com\/landing\/wp-json\/wp\/v2\/posts\/34625\/revisions\/34626"}],"wp:featuredmedia":[{"embeddable":true,"href":"http:\/\/www.radiodigitaltamazunchale.com\/landing\/wp-json\/wp\/v2\/media\/33872"}],"wp:attachment":[{"href":"http:\/\/www.radiodigitaltamazunchale.com\/landing\/wp-json\/wp\/v2\/media?parent=34625"}],"wp:term":[{"taxonomy":"category","embeddable":true,"href":"http:\/\/www.radiodigitaltamazunchale.com\/landing\/wp-json\/wp\/v2\/categories?post=34625"},{"taxonomy":"post_tag","embeddable":true,"href":"http:\/\/www.radiodigitaltamazunchale.com\/landing\/wp-json\/wp\/v2\/tags?post=34625"}],"curies":[{"name":"wp","href":"https:\/\/api.w.org\/{rel}","templated":true}]}}