{"id":34660,"date":"2020-05-27T13:35:13","date_gmt":"2020-05-27T19:35:13","guid":{"rendered":"http:\/\/www.radiodigitaltamazunchale.com\/landing\/?p=34660"},"modified":"2020-05-27T13:35:23","modified_gmt":"2020-05-27T19:35:23","slug":"fge-logro-prision-preventiva-para-individuo-por-un-homicidio-en-tanquian","status":"publish","type":"post","link":"http:\/\/www.radiodigitaltamazunchale.com\/landing\/uncategorized\/fge-logro-prision-preventiva-para-individuo-por-un-homicidio-en-tanquian\/","title":{"rendered":"FGE LOGR\u00d3 PRISI\u00d3N PREVENTIVA PARA INDIVIDUO POR UN HOMICIDIO EN TANQU\u00cdAN"},"content":{"rendered":"\n<p>\u00b7&nbsp;&nbsp;&nbsp;&nbsp;&nbsp;&nbsp;<strong>Tambi\u00e9n se le acusa del delito de homicidio calificado en grado de tentativa<\/strong><\/p>\n\n\n\n<p>\u00b7&nbsp;&nbsp;&nbsp;&nbsp;&nbsp;&nbsp;<strong>Fue vinculado a proceso por los hechos ocurridos en el Barrio Progreso<\/strong><\/p>\n\n\n\n<p>TANQUI\u00c1N. \u2013 La Fiscal\u00eda General del Estado de San Luis Potos\u00ed (FGESLP), obtuvo la vinculaci\u00f3n a proceso de un sujeto de 30 a\u00f1os de edad, luego que litigantes de la Delegaci\u00f3n D\u00e9cima, presentaran argumentos s\u00f3lidos de su presunta intervenci\u00f3n en los delitos de homicidio calificado y homicidio calificado en grado de tentativa por hechos en Tanqui\u00e1n de Escobedo.<\/p>\n\n\n\n<p>Adem\u00e1s, la propia autoridad judicial, previo a decretar un plazo de tres meses para el cierre de la investigaci\u00f3n complementar\u00eda de este caso, le impuso a Abelardo \u201cN\u201d, prisi\u00f3n preventiva oficiosa como medida cautelar, a solicitud del personal de la Fiscal\u00eda.<\/p>\n\n\n\n<p>Fue el 6 de septiembre de 2019, cuando el sujeto citado presuntamente arrib\u00f3 a una vivienda ubicada en la calle Ni\u00f1os H\u00e9roes en el barrio Progreso en el municipio se\u00f1alado, acompa\u00f1ado de seis hombres m\u00e1s.<\/p>\n\n\n\n<p>Posteriormente, los sujetos armados abrieron fuego en contra de las personas que se encontraban dentro del inmueble, logrando herir a tres hombres. Siendo de esta forma, como dos de los lesionados, perdieron la vida en el lugar, mientras que el otro logr\u00f3 ponerse a salvo al salirse por una ventana del domicilio.<\/p>\n\n\n\n<p>Los agentes de la Polic\u00eda de Investigaci\u00f3n (PDI) tuvieron conocimiento de lo anterior y se abocaron al esclarecimiento de lo ocurrido. Tras varias estrategias de inteligencia implementadas, lograron identificar al ahora vinculado como presunto part\u00edcipe en estos hechos.<\/p>\n\n\n\n<p>Con ello, el agente del Ministerio P\u00fablico de la Delegaci\u00f3n D\u00e9cima llev\u00f3 la debida integraci\u00f3n de la carpeta de investigaci\u00f3n y le solicit\u00f3 al Juez de Control que girar\u00e1 una orden de aprehensi\u00f3n por los delitos de homicidio calificado y homicidio calificado en grado de tentativa en contra del se\u00f1alado.<\/p>\n\n\n\n<p>Luego que fue girado dicho mandato, los elementos de la PDI realizaron la captura del acusado y lo pusieron a disposici\u00f3n de la autoridad judicial, donde inici\u00f3 su audiencia inicial, misma que se fue a la duplicidad del t\u00e9rmino constitucional.<\/p>\n\n\n\n<p>Una vez concluido el periodo requerido, continu\u00f3 el procedimiento judicial y los litigadores de la FGESLP, obtuvieron la vinculaci\u00f3n a proceso del imputado y consecuentemente, la prisi\u00f3n preventiva oficiosa como medida cautelar.<\/p>\n\n\n\n<p>Ahora Abelardo \u201cN\u201d, estar\u00e1 interno en el centro de reinserci\u00f3n social de Xolol en Tancanchuitz.<br><\/p>\n","protected":false},"excerpt":{"rendered":"<p>\u00b7&nbsp;&nbsp;&nbsp;&nbsp;&nbsp;&nbsp;Tambi\u00e9n se le acusa del delito de homicidio calificado en grado de tentativa \u00b7&nbsp;&nbsp;&nbsp;&nbsp;&nbsp;&nbsp;Fue vinculado a proceso por los hechos<\/p>\n","protected":false},"author":2,"featured_media":34661,"comment_status":"open","ping_status":"open","sticky":false,"template":"","format":"standard","meta":[],"categories":[1],"tags":[],"_links":{"self":[{"href":"http:\/\/www.radiodigitaltamazunchale.com\/landing\/wp-json\/wp\/v2\/posts\/34660"}],"collection":[{"href":"http:\/\/www.radiodigitaltamazunchale.com\/landing\/wp-json\/wp\/v2\/posts"}],"about":[{"href":"http:\/\/www.radiodigitaltamazunchale.com\/landing\/wp-json\/wp\/v2\/types\/post"}],"author":[{"embeddable":true,"href":"http:\/\/www.radiodigitaltamazunchale.com\/landing\/wp-json\/wp\/v2\/users\/2"}],"replies":[{"embeddable":true,"href":"http:\/\/www.radiodigitaltamazunchale.com\/landing\/wp-json\/wp\/v2\/comments?post=34660"}],"version-history":[{"count":1,"href":"http:\/\/www.radiodigitaltamazunchale.com\/landing\/wp-json\/wp\/v2\/posts\/34660\/revisions"}],"predecessor-version":[{"id":34662,"href":"http:\/\/www.radiodigitaltamazunchale.com\/landing\/wp-json\/wp\/v2\/posts\/34660\/revisions\/34662"}],"wp:featuredmedia":[{"embeddable":true,"href":"http:\/\/www.radiodigitaltamazunchale.com\/landing\/wp-json\/wp\/v2\/media\/34661"}],"wp:attachment":[{"href":"http:\/\/www.radiodigitaltamazunchale.com\/landing\/wp-json\/wp\/v2\/media?parent=34660"}],"wp:term":[{"taxonomy":"category","embeddable":true,"href":"http:\/\/www.radiodigitaltamazunchale.com\/landing\/wp-json\/wp\/v2\/categories?post=34660"},{"taxonomy":"post_tag","embeddable":true,"href":"http:\/\/www.radiodigitaltamazunchale.com\/landing\/wp-json\/wp\/v2\/tags?post=34660"}],"curies":[{"name":"wp","href":"https:\/\/api.w.org\/{rel}","templated":true}]}}