{"id":34664,"date":"2020-05-27T14:20:32","date_gmt":"2020-05-27T20:20:32","guid":{"rendered":"http:\/\/www.radiodigitaltamazunchale.com\/landing\/?p=34664"},"modified":"2020-05-27T14:20:34","modified_gmt":"2020-05-27T20:20:34","slug":"proponen-crear-la-brigada-interna-de-proteccion-civil-en-el-congreso-del-estado","status":"publish","type":"post","link":"http:\/\/www.radiodigitaltamazunchale.com\/landing\/uncategorized\/proponen-crear-la-brigada-interna-de-proteccion-civil-en-el-congreso-del-estado\/","title":{"rendered":"PROPONEN CREAR LA BRIGADA INTERNA DE PROTECCI\u00d3N CIVIL EN EL CONGRESO DEL ESTADO."},"content":{"rendered":"\n<p><strong>ESTAR\u00cdA INTEGRADA POR PERSONAL VOLUNTARIO DE LAS DIFERENTES \u00c1REAS DEL PODER LEGISLATIVO A QUIENES SE LES CAPACITAR\u00cdA EN LA MATERIA.<\/strong><\/p>\n\n\n\n<p><strong>DIP. MART\u00cdN JU\u00c1REZ C\u00d3RDOVA, PRESENT\u00d3 UNA PROPUESTA DE ACUERDO ECON\u00d3MICO PARA CREAR LA \u201cLA BRIGADA INTERNA DE PROTECCI\u00d3N CIVIL EN EL CONGRESO DEL ESTADO\u201d.<\/strong><\/p>\n\n\n\n<p>El diputado Mart\u00edn Ju\u00e1rez C\u00f3rdova impulsa un Acuerdo Econ\u00f3mico para crear \u201cLa Brigada Interna de protecci\u00f3n Civil en el Congreso del Estado\u201d, que tendr\u00e1 como objetivo desarrollar y dirigir las acciones de protecci\u00f3n civil, as\u00ed como elaborar actualizar, operar y vigilar el programa interno de protecci\u00f3n civil en los inmuebles e instalaciones fijas y m\u00f3viles del Poder Legislativo.<\/p>\n\n\n\n<p>Explic\u00f3 que \u201cen San Luis Potos\u00ed la Ley del Sistema de Protecci\u00f3n Civil entre sus objetivos fomenta la cultura de autoprotecci\u00f3n y prevenci\u00f3n, para minimizar en forma anticipada riesgos o el impacto de alg\u00fan tipo de fen\u00f3meno que pudiera afectar a seguridad y salud de las personas y de su entorno\u201d.<\/p>\n\n\n\n<p>Por ello, todos los inmuebles o instalaciones de los sectores p\u00fablico, privado y social que reciban afluencia y permanencia de personas, deben de contar con un Programa Interno de Protecci\u00f3n Civil y naturalmente con una Brigada interna para su operaci\u00f3n.<\/p>\n\n\n\n<p>\u201cLa brigada de protecci\u00f3n civil, ser\u00eda el \u00f3rgano normativo y operativo responsable de elaborar, desarrollar, dirigir,&nbsp; actualizar, operar y vigilar el programa interno de protecci\u00f3n civil. Se constituye con personal voluntario de cada dependencia, pues es una cultura de tener elementos humanos en todos los espacios para la protecci\u00f3n y auto protecci\u00f3n de nuestra sociedad, que en el caso de alguna contingencia sepan que hacer antes, durante y despu\u00e9s de alguna contingencia\u201d.<\/p>\n\n\n\n<p>Por ello, es necesario, que el Congreso del Estado cuente con su brigada interna, que se integrar\u00eda con personal de las diferentes \u00e1reas del Congreso a quienes se les capacitar\u00e1 en funciones b\u00e1sicas de respuesta ante los diferentes riesgos. Por ejemplo, ante la pandemia que vivimos, la implementaci\u00f3n de todas las medidas y los materiales b\u00e1sicos que salvaguarden la integridad de toda aquella persona que asista a los inmuebles del Poder Legislativo.<\/p>\n\n\n\n<p>La propuesta del Acuerdo Econ\u00f3mico fue turnada a la Comisi\u00f3n de Seguridad P\u00fablica, Prevenci\u00f3n y Reinserci\u00f3n Social para su an\u00e1lisis y posteriormente ser presentada ante el pleno para su votaci\u00f3n.<\/p>\n","protected":false},"excerpt":{"rendered":"<p>ESTAR\u00cdA INTEGRADA POR PERSONAL VOLUNTARIO DE LAS DIFERENTES \u00c1REAS DEL PODER LEGISLATIVO A QUIENES SE LES CAPACITAR\u00cdA EN LA MATERIA.<\/p>\n","protected":false},"author":1,"featured_media":0,"comment_status":"open","ping_status":"open","sticky":false,"template":"","format":"standard","meta":[],"categories":[1],"tags":[],"_links":{"self":[{"href":"http:\/\/www.radiodigitaltamazunchale.com\/landing\/wp-json\/wp\/v2\/posts\/34664"}],"collection":[{"href":"http:\/\/www.radiodigitaltamazunchale.com\/landing\/wp-json\/wp\/v2\/posts"}],"about":[{"href":"http:\/\/www.radiodigitaltamazunchale.com\/landing\/wp-json\/wp\/v2\/types\/post"}],"author":[{"embeddable":true,"href":"http:\/\/www.radiodigitaltamazunchale.com\/landing\/wp-json\/wp\/v2\/users\/1"}],"replies":[{"embeddable":true,"href":"http:\/\/www.radiodigitaltamazunchale.com\/landing\/wp-json\/wp\/v2\/comments?post=34664"}],"version-history":[{"count":1,"href":"http:\/\/www.radiodigitaltamazunchale.com\/landing\/wp-json\/wp\/v2\/posts\/34664\/revisions"}],"predecessor-version":[{"id":34666,"href":"http:\/\/www.radiodigitaltamazunchale.com\/landing\/wp-json\/wp\/v2\/posts\/34664\/revisions\/34666"}],"wp:attachment":[{"href":"http:\/\/www.radiodigitaltamazunchale.com\/landing\/wp-json\/wp\/v2\/media?parent=34664"}],"wp:term":[{"taxonomy":"category","embeddable":true,"href":"http:\/\/www.radiodigitaltamazunchale.com\/landing\/wp-json\/wp\/v2\/categories?post=34664"},{"taxonomy":"post_tag","embeddable":true,"href":"http:\/\/www.radiodigitaltamazunchale.com\/landing\/wp-json\/wp\/v2\/tags?post=34664"}],"curies":[{"name":"wp","href":"https:\/\/api.w.org\/{rel}","templated":true}]}}